{"id":13,"date":"2022-01-13T21:12:03","date_gmt":"2022-01-13T21:12:03","guid":{"rendered":"https:\/\/edublog.educastur.es\/diariodeaprendizajeanavillar\/?p=13"},"modified":"2022-01-13T21:12:03","modified_gmt":"2022-01-13T21:12:03","slug":"espero-aprender","status":"publish","type":"post","link":"https:\/\/edublog.educastur.es\/diariodeaprendizajeanavillar\/2022\/01\/13\/espero-aprender\/","title":{"rendered":"Espero aprender&#8230;"},"content":{"rendered":"<p>Mi nombre es Ana y soy maestra de Educaci\u00f3n Primaria.<\/p>\n<p>Ahora mismo, mi puesto de trabajo ha cambiado y no estoy en ning\u00fan centro educativo. Desarrollo funciones en el CPR Avil\u00e9s-Occidente como Asesora de Trasformaci\u00f3n Pedag\u00f3gica. Tambi\u00e9n soy formadora acreditada del m\u00e9todo ABN y doy ponencias para el profesorado.<\/p>\n<p>As\u00ed que la finalidad de este curso es conocer estrategias de dinamizaci\u00f3n y motivaci\u00f3n; no solo para el desarrollo de mi labor en este momento, sino tambi\u00e9n para mi regreso al aula de Primaria.<\/p>\n<p>Siempre hemos utilizado mapas conceptuales, l\u00edneas temporales, dibujos esquem\u00e1ticos y otras estrategias para conseguir activar el pensamiento visual. La idea de conectar el pensamiento con el est\u00edmulo visual siempre ha tenido efectos positivos en el aprendizaje, es por ello que considero fundamental aprender a comunicarme de este modo e incluirlo en la formaci\u00f3n, en el aula.<\/p>\n<p>&nbsp;<\/p>\n","protected":false},"excerpt":{"rendered":"<p>Mi nombre es Ana y soy maestra de Educaci\u00f3n Primaria. Ahora mismo, mi puesto de trabajo ha cambiado y no estoy en ning\u00fan centro educativo. Desarrollo funciones en el CPR Avil\u00e9s-Occidente como Asesora de Trasformaci\u00f3n Pedag\u00f3gica. Tambi\u00e9n soy formadora acreditada del m\u00e9todo ABN y doy ponencias para el profesorado. As\u00ed que la finalidad de este [&hellip;]<\/p>\n","protected":false},"author":1268,"featured_media":0,"comment_status":"open","ping_status":"open","sticky":false,"template":"","format":"standard","meta":{"footnotes":""},"categories":[1],"tags":[],"class_list":["post-13","post","type-post","status-publish","format-standard","hentry","category-sin-categoria"],"_links":{"self":[{"href":"https:\/\/edublog.educastur.es\/diariodeaprendizajeanavillar\/wp-json\/wp\/v2\/posts\/13","targetHints":{"allow":["GET"]}}],"collection":[{"href":"https:\/\/edublog.educastur.es\/diariodeaprendizajeanavillar\/wp-json\/wp\/v2\/posts"}],"about":[{"href":"https:\/\/edublog.educastur.es\/diariodeaprendizajeanavillar\/wp-json\/wp\/v2\/types\/post"}],"author":[{"embeddable":true,"href":"https:\/\/edublog.educastur.es\/diariodeaprendizajeanavillar\/wp-json\/wp\/v2\/users\/1268"}],"replies":[{"embeddable":true,"href":"https:\/\/edublog.educastur.es\/diariodeaprendizajeanavillar\/wp-json\/wp\/v2\/comments?post=13"}],"version-history":[{"count":1,"href":"https:\/\/edublog.educastur.es\/diariodeaprendizajeanavillar\/wp-json\/wp\/v2\/posts\/13\/revisions"}],"predecessor-version":[{"id":14,"href":"https:\/\/edublog.educastur.es\/diariodeaprendizajeanavillar\/wp-json\/wp\/v2\/posts\/13\/revisions\/14"}],"wp:attachment":[{"href":"https:\/\/edublog.educastur.es\/diariodeaprendizajeanavillar\/wp-json\/wp\/v2\/media?parent=13"}],"wp:term":[{"taxonomy":"category","embeddable":true,"href":"https:\/\/edublog.educastur.es\/diariodeaprendizajeanavillar\/wp-json\/wp\/v2\/categories?post=13"},{"taxonomy":"post_tag","embeddable":true,"href":"https:\/\/edublog.educastur.es\/diariodeaprendizajeanavillar\/wp-json\/wp\/v2\/tags?post=13"}],"curies":[{"name":"wp","href":"https:\/\/api.w.org\/{rel}","templated":true}]}}