{"id":30,"date":"2022-01-27T14:01:55","date_gmt":"2022-01-27T14:01:55","guid":{"rendered":"https:\/\/edublog.educastur.es\/diariodeaprendizajeanavillar\/?p=30"},"modified":"2022-01-27T14:01:55","modified_gmt":"2022-01-27T14:01:55","slug":"unidad-3-reto-crear-un-mapa-visual","status":"publish","type":"post","link":"https:\/\/edublog.educastur.es\/diariodeaprendizajeanavillar\/2022\/01\/27\/unidad-3-reto-crear-un-mapa-visual\/","title":{"rendered":"UNIDAD 3. Reto crear un mapa visual"},"content":{"rendered":"<p>Para crear mi mapa visual he elegido el \u00e1rea de Matem\u00e1ticas, que es la que m\u00e1s me gusta. El nivel educativo es 1\u00ba-2\u00ba de Educaci\u00f3n Primaria (6-7 a\u00f1os)<\/p>\n<p>En mis clases las mates las trabajamos de manera manipulativa\u00a0 y verbalizando todo lo que hacemos, creo que es el mejor modo de vivenciar y ser consciente de lo que est\u00e1s haciendo. Lo de escribirlo es lo de menos, la cuesti\u00f3n es que vayan comprendiendo los procesos matem\u00e1ticos.<\/p>\n<p>Por ello, una de las actividades principales que realizo es la dramatizaci\u00f3n.<\/p>\n<p>Cada alumna o alumno escoge una tarjeta. En ella hay una operaci\u00f3n matem\u00e1tica. Buscan por la clase materiales, los que quieran. Imaginan una situaci\u00f3n problem\u00e1tica. La verbalizan, lo exponen al resto de la clase y demuestran c\u00f3mo han llegado al resultado final del problema que ellos mismos hab\u00edan planteado.<\/p>\n<p>&nbsp;<\/p>\n<p><img loading=\"lazy\" decoding=\"async\" class=\"wp-image-31 aligncenter\" src=\"http:\/\/edublog.educastur.es\/diariodeaprendizajeanavillar\/files\/2022\/01\/Mapa-visual-300x212.jpg\" alt=\"\" width=\"470\" height=\"332\" srcset=\"https:\/\/edublog.educastur.es\/diariodeaprendizajeanavillar\/files\/2022\/01\/Mapa-visual-300x212.jpg 300w, https:\/\/edublog.educastur.es\/diariodeaprendizajeanavillar\/files\/2022\/01\/Mapa-visual-768x544.jpg 768w, https:\/\/edublog.educastur.es\/diariodeaprendizajeanavillar\/files\/2022\/01\/Mapa-visual-424x300.jpg 424w, https:\/\/edublog.educastur.es\/diariodeaprendizajeanavillar\/files\/2022\/01\/Mapa-visual.jpg 901w\" sizes=\"auto, (max-width: 470px) 100vw, 470px\" \/><\/p>\n","protected":false},"excerpt":{"rendered":"<p>Para crear mi mapa visual he elegido el \u00e1rea de Matem\u00e1ticas, que es la que m\u00e1s me gusta. El nivel educativo es 1\u00ba-2\u00ba de Educaci\u00f3n Primaria (6-7 a\u00f1os) En mis clases las mates las trabajamos de manera manipulativa\u00a0 y verbalizando todo lo que hacemos, creo que es el mejor modo de vivenciar y ser consciente [&hellip;]<\/p>\n","protected":false},"author":1268,"featured_media":0,"comment_status":"open","ping_status":"open","sticky":false,"template":"","format":"standard","meta":{"footnotes":""},"categories":[1],"tags":[],"class_list":["post-30","post","type-post","status-publish","format-standard","hentry","category-sin-categoria"],"_links":{"self":[{"href":"https:\/\/edublog.educastur.es\/diariodeaprendizajeanavillar\/wp-json\/wp\/v2\/posts\/30","targetHints":{"allow":["GET"]}}],"collection":[{"href":"https:\/\/edublog.educastur.es\/diariodeaprendizajeanavillar\/wp-json\/wp\/v2\/posts"}],"about":[{"href":"https:\/\/edublog.educastur.es\/diariodeaprendizajeanavillar\/wp-json\/wp\/v2\/types\/post"}],"author":[{"embeddable":true,"href":"https:\/\/edublog.educastur.es\/diariodeaprendizajeanavillar\/wp-json\/wp\/v2\/users\/1268"}],"replies":[{"embeddable":true,"href":"https:\/\/edublog.educastur.es\/diariodeaprendizajeanavillar\/wp-json\/wp\/v2\/comments?post=30"}],"version-history":[{"count":1,"href":"https:\/\/edublog.educastur.es\/diariodeaprendizajeanavillar\/wp-json\/wp\/v2\/posts\/30\/revisions"}],"predecessor-version":[{"id":32,"href":"https:\/\/edublog.educastur.es\/diariodeaprendizajeanavillar\/wp-json\/wp\/v2\/posts\/30\/revisions\/32"}],"wp:attachment":[{"href":"https:\/\/edublog.educastur.es\/diariodeaprendizajeanavillar\/wp-json\/wp\/v2\/media?parent=30"}],"wp:term":[{"taxonomy":"category","embeddable":true,"href":"https:\/\/edublog.educastur.es\/diariodeaprendizajeanavillar\/wp-json\/wp\/v2\/categories?post=30"},{"taxonomy":"post_tag","embeddable":true,"href":"https:\/\/edublog.educastur.es\/diariodeaprendizajeanavillar\/wp-json\/wp\/v2\/tags?post=30"}],"curies":[{"name":"wp","href":"https:\/\/api.w.org\/{rel}","templated":true}]}}