{"id":59,"date":"2023-10-05T21:36:32","date_gmt":"2023-10-05T21:36:32","guid":{"rendered":"https:\/\/edublog.educastur.es\/docenteseconomia\/?p=59"},"modified":"2024-01-19T21:39:41","modified_gmt":"2024-01-19T21:39:41","slug":"reunion-con-el-decano-del-colegio-de-economistas","status":"publish","type":"post","link":"https:\/\/edublog.educastur.es\/docenteseconomia\/2023\/10\/05\/reunion-con-el-decano-del-colegio-de-economistas\/","title":{"rendered":"Reuni\u00f3n con el decano del Colegio de Economistas"},"content":{"rendered":"\r\n<p>El decano del Colegio de Economistas se reuni\u00f3n el 4 de octubre con la representantes de ADESastur; en esta reuni\u00f3n los representantes de la asociaci\u00f3n manifestaron una vez m\u00e1s la inexistencia del departamento y la discriminaci\u00f3n que ello supone para el profesorado de la especialidad de Econom\u00eda de Asturias frente a otras especialidades y frente a docentes de otras Comunidades Aut\u00f3nomas en diferentes convocatorias.<\/p>\r\n<p>Noticia publicada en La Nueva Espa\u00f1a en la imagen.<\/p>\r\n<p><img loading=\"lazy\" decoding=\"async\" class=\"alignnone size-medium wp-image-63\" src=\"http:\/\/edublog.educastur.es\/docenteseconomia\/files\/2024\/01\/64c93ab9-2081-40b4-b458-7e1c2ca2fd4a-300x135.jpg\" alt=\"\" width=\"300\" height=\"135\" srcset=\"https:\/\/edublog.educastur.es\/docenteseconomia\/files\/2024\/01\/64c93ab9-2081-40b4-b458-7e1c2ca2fd4a-300x135.jpg 300w, https:\/\/edublog.educastur.es\/docenteseconomia\/files\/2024\/01\/64c93ab9-2081-40b4-b458-7e1c2ca2fd4a-1024x460.jpg 1024w, https:\/\/edublog.educastur.es\/docenteseconomia\/files\/2024\/01\/64c93ab9-2081-40b4-b458-7e1c2ca2fd4a-768x345.jpg 768w, https:\/\/edublog.educastur.es\/docenteseconomia\/files\/2024\/01\/64c93ab9-2081-40b4-b458-7e1c2ca2fd4a.jpg 1080w\" sizes=\"auto, (max-width: 300px) 100vw, 300px\" \/><\/p>\r\n","protected":false},"excerpt":{"rendered":"<p>El decano del Colegio de Economistas se reuni\u00f3n el 4 de octubre con la representantes de ADESastur; en esta reuni\u00f3n los representantes de la asociaci\u00f3n manifestaron una vez m\u00e1s la inexistencia del departamento y la discriminaci\u00f3n que ello supone para el profesorado de la especialidad de Econom\u00eda de Asturias frente a otras especialidades y frente &hellip; <a href=\"https:\/\/edublog.educastur.es\/docenteseconomia\/2023\/10\/05\/reunion-con-el-decano-del-colegio-de-economistas\/\" class=\"more-link\">Seguir leyendo <span class=\"screen-reader-text\">Reuni\u00f3n con el decano del Colegio de Economistas<\/span><\/a><\/p>\n","protected":false},"author":32,"featured_media":0,"comment_status":"open","ping_status":"open","sticky":false,"template":"","format":"standard","meta":{"footnotes":""},"categories":[8,12],"tags":[],"class_list":["post-59","post","type-post","status-publish","format-standard","hentry","category-adesastur","category-departamento","no-featured-image"],"_links":{"self":[{"href":"https:\/\/edublog.educastur.es\/docenteseconomia\/wp-json\/wp\/v2\/posts\/59","targetHints":{"allow":["GET"]}}],"collection":[{"href":"https:\/\/edublog.educastur.es\/docenteseconomia\/wp-json\/wp\/v2\/posts"}],"about":[{"href":"https:\/\/edublog.educastur.es\/docenteseconomia\/wp-json\/wp\/v2\/types\/post"}],"author":[{"embeddable":true,"href":"https:\/\/edublog.educastur.es\/docenteseconomia\/wp-json\/wp\/v2\/users\/32"}],"replies":[{"embeddable":true,"href":"https:\/\/edublog.educastur.es\/docenteseconomia\/wp-json\/wp\/v2\/comments?post=59"}],"version-history":[{"count":3,"href":"https:\/\/edublog.educastur.es\/docenteseconomia\/wp-json\/wp\/v2\/posts\/59\/revisions"}],"predecessor-version":[{"id":64,"href":"https:\/\/edublog.educastur.es\/docenteseconomia\/wp-json\/wp\/v2\/posts\/59\/revisions\/64"}],"wp:attachment":[{"href":"https:\/\/edublog.educastur.es\/docenteseconomia\/wp-json\/wp\/v2\/media?parent=59"}],"wp:term":[{"taxonomy":"category","embeddable":true,"href":"https:\/\/edublog.educastur.es\/docenteseconomia\/wp-json\/wp\/v2\/categories?post=59"},{"taxonomy":"post_tag","embeddable":true,"href":"https:\/\/edublog.educastur.es\/docenteseconomia\/wp-json\/wp\/v2\/tags?post=59"}],"curies":[{"name":"wp","href":"https:\/\/api.w.org\/{rel}","templated":true}]}}