{"id":7,"date":"2020-11-21T17:08:23","date_gmt":"2020-11-21T17:08:23","guid":{"rendered":"https:\/\/edublog.educastur.es\/docenteseconomia\/?p=7"},"modified":"2020-11-21T17:16:00","modified_gmt":"2020-11-21T17:16:00","slug":"asociacion-de-docentes-de-economia-de-secundaria-en-asturias-adesastur-estatutos","status":"publish","type":"post","link":"https:\/\/edublog.educastur.es\/docenteseconomia\/2020\/11\/21\/asociacion-de-docentes-de-economia-de-secundaria-en-asturias-adesastur-estatutos\/","title":{"rendered":"Asociaci\u00f3n de Docentes de Econom\u00eda de Secundaria en Asturias &#8211; ADESASTUR &#8211; Estatutos"},"content":{"rendered":"<p><span style=\"font-family: arial, helvetica, sans-serif;font-size: 14pt\"><strong>ESTATUTOS DE LA ASOCIACI\u00d3N<\/strong> <\/span><\/p>\n<p><span style=\"font-family: arial, helvetica, sans-serif;font-size: 14pt\"><strong>CAP\u00cdTULO I<\/strong> <strong>DENOMINACI\u00d3N, FINES, DOMICILIO, Y \u00c1MBITO<\/strong> <\/span><\/p>\n<p><span style=\"font-family: arial, helvetica, sans-serif;font-size: 14pt\"><strong>ART\u00cdCULO 1.-<\/strong> Con la denominaci\u00f3n de Asociaci\u00f3n de Docentes de Econom\u00eda de Secundaria en Asturias (ADESASTUR), se constituye por tiempo indefinido en Oviedo una asociaci\u00f3n sin \u00e1nimo de lucro al amparo de la Ley Org\u00e1nica 1\/2002, de 22 de marzo, reguladora del Derecho de Asociaci\u00f3n y normas complementarias, con capacidad jur\u00eddica y plena capacidad de obrar. <\/span><\/p>\n<p><span style=\"font-family: arial, helvetica, sans-serif;font-size: 14pt\"><strong>ART\u00cdCULO 2.-<\/strong> La asociaci\u00f3n tiene los siguientes fines:<\/span><!--more--><\/p>\n<ol>\n<li><span style=\"font-family: arial, helvetica, sans-serif;font-size: 14pt\">Defender la calidad de la ense\u00f1anza de las materias propias de la especialidad de Econom\u00eda (061) en la ense\u00f1anza secundaria.<\/span><\/li>\n<li><span style=\"font-family: arial, helvetica, sans-serif;font-size: 14pt\">Conocer y analizar la situaci\u00f3n de la ense\u00f1anza de la Econom\u00eda en secundaria en todo el territorio espa\u00f1ol, proponiendo a las distintas administraciones educativas las medidas necesarias para su mejora.<\/span><\/li>\n<li><span style=\"font-family: arial, helvetica, sans-serif;font-size: 14pt\">Promover e intensificar el marco interdisciplinar de la Econom\u00eda.<\/span><\/li>\n<li><span style=\"font-family: arial, helvetica, sans-serif;font-size: 14pt\">Potenciar cuantas actividades se estimen oportunas encaminadas a la formaci\u00f3n continuada del profesorado.<\/span><\/li>\n<li><span style=\"font-family: arial, helvetica, sans-serif;font-size: 14pt\">Promover el desarrollo de una did\u00e1ctica espec\u00edfica acorde con los contenidos curriculares y el grado de madurez del\u00a0 alumnado, y crear y divulgar materiales did\u00e1cticos apropiados, facilitando su uso a las personas socias.<\/span><\/li>\n<li><span style=\"font-family: arial, helvetica, sans-serif;font-size: 14pt\">Fomentar la participaci\u00f3n en cualquier foro de debate relacionado con la docencia de la Econom\u00eda.<\/span><\/li>\n<li><span style=\"font-family: arial, helvetica, sans-serif;font-size: 14pt\">Promover ante las administraciones educativas la creaci\u00f3n del departamento did\u00e1ctico de Econom\u00eda y otras mejoras organizativas.<\/span><\/li>\n<li><span style=\"font-family: arial, helvetica, sans-serif;font-size: 14pt\">Defender los intereses de las personas asociadas por cualquier hecho que menoscabe su situaci\u00f3n profesional o administrativa.<\/span><\/li>\n<\/ol>\n<p><span style=\"font-family: arial, helvetica, sans-serif;font-size: 14pt\"><strong>ART\u00cdCULO 3.- <\/strong>Para el cumplimiento de estos fines se realizar\u00e1n las siguientes actividades:<\/span><\/p>\n<ol>\n<li><span style=\"font-family: arial, helvetica, sans-serif;font-size: 14pt\">Intercambio de materiales did\u00e1cticos y curriculares relacionados con la ense\u00f1anza de la Econom\u00eda.<\/span><\/li>\n<li><span style=\"font-family: arial, helvetica, sans-serif;font-size: 14pt\">Organizaci\u00f3n y programaci\u00f3n de actividades de formaci\u00f3n del profesorado, como cursos, grupos de trabajo, etc.<\/span><\/li>\n<li><span style=\"font-family: arial, helvetica, sans-serif;font-size: 14pt\">Organizaci\u00f3n de encuentros, jornadas, simposios, congresos, etc., donde se aborden temas de contenido econ\u00f3mico.<\/span><\/li>\n<li><span style=\"font-family: arial, helvetica, sans-serif;font-size: 14pt\">Difusi\u00f3n p\u00fablica de la problem\u00e1tica relacionada con la ense\u00f1anza de la Econom\u00eda.<\/span><\/li>\n<li><span style=\"font-family: arial, helvetica, sans-serif;font-size: 14pt\">Publicaci\u00f3n de materiales que se elaboren en actividades de la asociaci\u00f3n.<\/span><\/li>\n<li><span style=\"font-family: arial, helvetica, sans-serif;font-size: 14pt\">Mantenimiento de relaciones con la administraci\u00f3n educativa del Principado de Asturias y otros organismos, tanto p\u00fablicos como privados, y con otras asociaciones de profesores, tanto asturianas como de otras comunidades aut\u00f3nomas.<\/span><\/li>\n<li><span style=\"font-family: arial, helvetica, sans-serif;font-size: 14pt\">Cualesquiera otras que persigan la consecuci\u00f3n de los fines de la asociaci\u00f3n.<\/span><\/li>\n<\/ol>\n<p><span style=\"font-family: arial, helvetica, sans-serif;font-size: 14pt\"><strong>ART\u00cdCULO 4.- <\/strong>La Asociaci\u00f3n establece el domicilio social en la localidad de Oviedo, calle Joaqu\u00edn Costa, n\u00ba 48, 33011 y el \u00e1mbito territorial en el que va a realizar principalmente sus actividades es Asturias. Los presentes estatutos ser\u00e1n cumplidos mediante los acuerdos que v\u00e1lidamente adopten la junta directiva y la asamblea general, dentro de sus respectivas competencias. <strong>\u00a0\u00a0 \u00a0 \u00a0 \u00a0 \u00a0 \u00a0 \u00a0 \u00a0 \u00a0 \u00a0 \u00a0 \u00a0 \u00a0 \u00a0 \u00a0 \u00a0 \u00a0 \u00a0 \u00a0 \u00a0 \u00a0 \u00a0 \u00a0 \u00a0 \u00a0<\/strong> <strong>\u00a0 \u00a0 <\/strong><\/span><\/p>\n<p><span style=\"font-family: arial, helvetica, sans-serif;font-size: 14pt\"><strong>CAP\u00cdTULO II<\/strong> <strong>\u00a0 \u00a0 \u00a0 \u00a0 \u00a0 \u00a0 \u00a0 \u00a0 \u00a0 \u00a0 \u00a0 \u00a0 \u00a0 \u00a0 \u00a0 \u00d3RGANOS DE REPRESENTACI\u00d3N<\/strong> <\/span><\/p>\n<p><span style=\"font-family: arial, helvetica, sans-serif;font-size: 14pt\"><strong>ART\u00cdCULO 5.- <\/strong>La asociaci\u00f3n ser\u00e1 gestionada y representada por una junta directiva, formada por los siguientes cargos: una presidencia, una vicepresidencia, una secretar\u00eda, una tesorer\u00eda y tres vocal\u00edas. Estos cargos ser\u00e1n designados entre las personas asociadas mayores de edad, en pleno uso de sus derechos civiles y que no est\u00e9n incursas en motivos de incompatibilidad establecidos legalmente. Todos los cargos son gratuitos y carecen de inter\u00e9s en los resultados econ\u00f3micos de la entidad, por s\u00ed mismos o a trav\u00e9s de persona interpuesta. <\/span><\/p>\n<p><span style=\"font-family: arial, helvetica, sans-serif;font-size: 14pt\"><strong>ART\u00cdCULO 6.-<\/strong> La junta directiva ser\u00e1 el \u00f3rgano competente para interpretar los preceptos contenidos en estos estatutos y cubrir sus lagunas, siempre someti\u00e9ndose a la normativa legal vigente en materia de asociaciones. <\/span><\/p>\n<p><span style=\"font-family: arial, helvetica, sans-serif;font-size: 14pt\"><strong>ART\u00cdCULO 7.- <\/strong>Los cargos que componen la junta directiva se designar\u00e1n y revocar\u00e1n en asamblea general extraordinaria, y su mandato tendr\u00e1 una duraci\u00f3n de cuatro a\u00f1os, renovables por mitades cada dos, aunque pueden ser objeto de reelecci\u00f3n. <\/span><\/p>\n<p><span style=\"font-family: arial, helvetica, sans-serif;font-size: 14pt\"><strong>ART\u00cdCULO 8.-<\/strong> Quienes formen parte de la junta directiva podr\u00e1n causar baja por renuncia voluntaria comunicada por escrito a la junta, por incumplimiento de las obligaciones que tuvieran encomendadas y por expiraci\u00f3n del mandato. <\/span><\/p>\n<p><span style=\"font-family: arial, helvetica, sans-serif;font-size: 14pt\"><strong> ART\u00cdCULO 9.- <\/strong>Quienes, formando parte de la junta directiva, hayan agotado la duraci\u00f3n de su mandato continuar\u00e1n ejerciendo sus cargos hasta el momento en que se produzca la aceptaci\u00f3n de quienes sucedan en el cargo. <\/span><\/p>\n<p><span style=\"font-family: arial, helvetica, sans-serif;font-size: 14pt\"><strong> ART\u00cdCULO 10.- <\/strong>La junta directiva celebrar\u00e1 sus sesiones cuantas veces lo determine la presidencia o vicepresidencia, a iniciativa propia o a petici\u00f3n de la mitad de quienes la compongan. Quedar\u00e1 constituida cuando asista la mitad m\u00e1s uno de sus integrantes y para que sus acuerdos sean v\u00e1lidos deber\u00e1n ser adoptados por mayor\u00eda de votos. En caso de empate, el voto de la presidencia ser\u00e1 de calidad. Ser\u00e1 presidida por quien ostente la presidencia y, en su ausencia, por la vicepresidencia y, a falta de ambos cargos, por quien, formando parte de la junta, tenga m\u00e1s edad. Quien ostente la secretar\u00eda levantar\u00e1 acta, que se transcribir\u00e1 en el libro correspondiente. <\/span><\/p>\n<p><span style=\"font-family: arial, helvetica, sans-serif;font-size: 14pt\"><strong> ART\u00cdCULO 11.- <\/strong>Facultades de la junta directiva: Las facultades de la junta directiva se extender\u00e1n, con car\u00e1cter general, a todos los actos propios de las finalidades de la asociaci\u00f3n, siempre que no requieran, seg\u00fan estos estatutos, autorizaci\u00f3n expresa de la asamblea general. En particular, son facultades de la junta directiva las siguientes: a) Dirigir las actividades sociales y llevar la gesti\u00f3n administrativa y econ\u00f3mica de la asociaci\u00f3n, acordando realizar los oportunos contratos y actos. b) Ejecutar los acuerdos de la asamblea general. c) Formular y someter a la aprobaci\u00f3n de la asamblea general las cuentas de la asociaci\u00f3n. d) Resolver sobre la admisi\u00f3n de nuevas personas asociadas. e) Designar personas delegadas para alguna determinada actividad de la asociaci\u00f3n. f) Cualquier otra facultad que no sea de la exclusiva competencia de la asamblea general. <\/span><\/p>\n<p><span style=\"font-family: arial, helvetica, sans-serif;font-size: 14pt\"><strong>ART\u00cdCULO 12.- <\/strong>Quien ostente la presidencia de la junta directiva ejercer\u00e1, tambi\u00e9n, la presidencia de la asociaci\u00f3n, y tendr\u00e1 las siguientes atribuciones. a) Representar legalmente a la asociaci\u00f3n. b) Convocar, presidir y levantar las sesiones que celebren la asamblea general y la junta directiva, as\u00ed como dirigir las deliberaciones de una y otra, disponiendo de voto de calidad. c) Ordenar los pagos acordados v\u00e1lidamente y autorizar con su firma los documentos, actas y correspondencia. d) Adoptar cualquier medida urgente que la buena marcha de la asociaci\u00f3n aconseje, sin perjuicio de dar cuenta posteriormente a la junta directiva.<\/span><\/p>\n<p><span style=\"font-family: arial, helvetica, sans-serif;font-size: 14pt\"> <strong> ART\u00cdCULO 13.- <\/strong>Quien ostente la vicepresidencia sustituir\u00e1 a la presidencia en ausencia de esta, motivada por enfermedad o cualquier otra causa, y tendr\u00e1 las mismas atribuciones. <\/span><\/p>\n<p><span style=\"font-family: arial, helvetica, sans-serif;font-size: 14pt\"><strong>ART\u00cdCULO 14.-\u00a0<\/strong> La secretar\u00eda tendr\u00e1 a cargo la direcci\u00f3n de los trabajos puramente administrativos de la asociaci\u00f3n, expedir\u00e1 certificaciones, llevar\u00e1 los libros de la asociaci\u00f3n legalmente establecidos y el fichero de personas asociadas, y custodiar\u00e1 la documentaci\u00f3n de la entidad, haciendo que se cursen las comunicaciones sobre designaci\u00f3n de juntas directivas y dem\u00e1s acuerdos sociales inscribibles en los registros correspondientes, as\u00ed como la presentaci\u00f3n de las cuentas anuales y el cumplimiento de las obligaciones documentales en los t\u00e9rminos que legalmente correspondan. <\/span><\/p>\n<p><span style=\"font-family: arial, helvetica, sans-serif;font-size: 14pt\"><strong>ART\u00cdCULO 15.- <\/strong>La persona que ostente la tesorer\u00eda dirigir\u00e1 la contabilidad de la asociaci\u00f3n, tomar\u00e1 raz\u00f3n y llevar\u00e1 cuenta de los ingresos y de los gastos, interviniendo las operaciones de orden econ\u00f3mico; recaudar\u00e1 y custodiar\u00e1 los fondos pertenecientes a la asociaci\u00f3n, y dar\u00e1 cumplimiento a las \u00f3rdenes de pago que expida la presidencia. Asimismo, formalizar\u00e1 el presupuesto anual de ingresos y gastos, as\u00ed como el estado de cuentas del a\u00f1o anterior, que deber\u00e1n ser presentados a la junta directiva, para que esta, a su vez, los someta a la aprobaci\u00f3n de la asamblea general. <\/span><\/p>\n<p><span style=\"font-family: arial, helvetica, sans-serif;font-size: 14pt\"><strong>ART\u00cdCULO 16.- <\/strong>Las personas que ostenten vocal\u00edas tendr\u00e1n las obligaciones propias de su cargo como integrantes de la junta directiva, as\u00ed como las que nazcan de las delegaciones o comisiones de trabajo que la propia junta les encomiende. <\/span><\/p>\n<p><span style=\"font-family: arial, helvetica, sans-serif;font-size: 14pt\"><strong> ART\u00cdCULO 17.- <\/strong>Las vacantes que pudieran producirse durante el mandato de cualquier integrante de la junta directiva ser\u00e1n cubiertas provisionalmente entre el resto de integrantes de la misma hasta la elecci\u00f3n definitiva de sucesores por asamblea general extraordinaria. <\/span><\/p>\n<p><span style=\"font-family: arial, helvetica, sans-serif;font-size: 14pt\"><strong>CAP\u00cdTULO III<\/strong> <strong>ASAMBLEA GENERAL<\/strong> <\/span><\/p>\n<p><span style=\"font-family: arial, helvetica, sans-serif;font-size: 14pt\"><strong>ART\u00cdCULO 18.- <\/strong>La asamblea general, integrada por todas las personas asociadas, es el \u00f3rgano supremo de gobierno de la asociaci\u00f3n. <\/span><\/p>\n<p><span style=\"font-family: arial, helvetica, sans-serif;font-size: 14pt\"><strong> ART\u00cdCULO 19.- <\/strong>Las reuniones de la asamblea general ser\u00e1n ordinarias y extraordinarias. Obligatoriamente, la asamblea general deber\u00e1 ser convocada en sesi\u00f3n ordinaria una vez al a\u00f1o, dentro del primer trimestre, para aprobar el plan general de actuaci\u00f3n de la asociaci\u00f3n, valorar la gesti\u00f3n de la junta directiva y aprobar, en su caso, los presupuestos anuales de ingresos y gastos, as\u00ed como el estado de cuentas correspondiente al a\u00f1o anterior. La asamblea general se reunir\u00e1 en sesi\u00f3n extraordinaria cuando las circunstancias lo aconsejen a juicio de la presidencia, cuando as\u00ed lo acuerde la junta directiva en atenci\u00f3n a los asuntos que deban tratarse, o cuando lo propongan por escrito una d\u00e9cima parte de las personas asociadas. <\/span><\/p>\n<p><span style=\"font-family: arial, helvetica, sans-serif;font-size: 14pt\"><strong>ART\u00cdCULO 20<\/strong>.- Las convocatorias de asamblea general, tanto ordinaria, como\u00a0 extraordinaria, ser\u00e1n hechas por escrito, expresando el lugar, fecha y hora de la reuni\u00f3n, as\u00ed como el orden del d\u00eda; tambi\u00e9n podr\u00e1 hacerse constar que la asamblea se reunir\u00e1 en segunda convocatoria media hora despu\u00e9s de la se\u00f1alada para la primera. Entre la convocatoria y el d\u00eda se\u00f1alado para la celebraci\u00f3n de la asamblea, habr\u00e1n de mediar, al menos, quince d\u00edas. <\/span><\/p>\n<p><span style=\"font-family: arial, helvetica, sans-serif;font-size: 14pt\"><strong> ART\u00cdCULO 21.-<\/strong> Las asambleas generales, tanto ordinarias, como extraordinarias, quedar\u00e1n v\u00e1lidamente constituidas en primera convocatoria cuando concurran, presentes o representadas, un tercio de las personas asociadas con derecho a voto; y, en segunda convocatoria, cualquiera que sea el n\u00famero de personas asociadas asistentes con derecho a voto. Los acuerdos se adoptar\u00e1n por mayor\u00eda simple de las personas presentes o representadas (es decir, cuando los votos afirmativos superen a los negativos, no siendo computables a estos efectos los votos en blanco ni las abstenciones). Ser\u00e1 necesaria mayor\u00eda cualificada de las personas presentes o representadas, que resultar\u00e1 cuando los votos afirmativos superen la mitad, para la adopci\u00f3n de los siguientes acuerdos:<\/span><\/p>\n<ol>\n<li><span style=\"font-family: arial, helvetica, sans-serif;font-size: 14pt\">Modificar los estatutos.<\/span><\/li>\n<li><span style=\"font-family: arial, helvetica, sans-serif;font-size: 14pt\">Disponer o enajenar bienes.<\/span><\/li>\n<li><span style=\"font-family: arial, helvetica, sans-serif;font-size: 14pt\">Nombrar juntas directivas y personas administradoras.<\/span><\/li>\n<li><span style=\"font-family: arial, helvetica, sans-serif;font-size: 14pt\">Acordar la remuneraci\u00f3n, en su caso, de quienes ejerzan cargos.<\/span><\/li>\n<li><span style=\"font-family: arial, helvetica, sans-serif;font-size: 14pt\">Solicitar la declaraci\u00f3n de utilidad p\u00fablica de la asociaci\u00f3n.<\/span><\/li>\n<li><span style=\"font-family: arial, helvetica, sans-serif;font-size: 14pt\">Acordar la constituci\u00f3n de una federaci\u00f3n de asociaciones o la integraci\u00f3n en ella.<\/span><\/li>\n<\/ol>\n<p><span style=\"font-family: arial, helvetica, sans-serif;font-size: 14pt\">Ser\u00e1 necesaria mayor\u00eda cualificada de dos tercios de las personas asociadas para la adopci\u00f3n del acuerdo de disoluci\u00f3n de la asociaci\u00f3n. <\/span><\/p>\n<p><span style=\"font-family: arial, helvetica, sans-serif;font-size: 14pt\"><strong>ART\u00cdCULO 22.- <\/strong>Son facultades de la asamblea general ordinaria: a) Aprobar, en su caso, la gesti\u00f3n de la junta directiva. b) Examinar y aprobar las cuentas anuales. c) Aprobar o rechazar las propuestas de la junta directiva en relaci\u00f3n con las actividades de la asociaci\u00f3n. d) Fijar las cuotas ordinarias o extraordinarias. e) Cualquiera otra que no sea de la competencia exclusiva de la asamblea general extraordinaria. f) Acordar la remuneraci\u00f3n, en su caso, de quienes ejerzan cargos. <\/span><\/p>\n<p><span style=\"font-family: arial, helvetica, sans-serif;font-size: 14pt\"><strong>ART\u00cdCULO 23.- <\/strong>Son facultades reservadas a asamblea general extraordinaria, las siguientes: a) Nombrar componentes de la junta directiva. b) Modificar los estatutos. c) Disolver la asociaci\u00f3n. d) Expulsar\u00a0 personas asociadas. e) Constituir federaciones de asociaciones o integrarse en ellas. <\/span><\/p>\n<p><span style=\"font-family: arial, helvetica, sans-serif;font-size: 14pt\"><strong>CAP\u00cdTULO IV<\/strong> <strong>PERSONAS SOCIAS<\/strong> <\/span><\/p>\n<p><span style=\"font-family: arial, helvetica, sans-serif;font-size: 14pt\"><strong>ART\u00cdCULO 24.-<\/strong> Para asociarse se requiere ser persona f\u00edsica, mayor de edad, con plena capacidad de obrar,\u00a0 y, adem\u00e1s, ocupar, o estar en condiciones de ocupar,\u00a0 una plaza de docente por la especialidad de Econom\u00eda (061) en un instituto de educaci\u00f3n secundaria. A todos los efectos, no se adquiere la condici\u00f3n de persona asociada en tanto no se satisfagan los derechos o cuota de entrada, en la cuant\u00eda y forma que establezca la asamblea general. <\/span><\/p>\n<p><span style=\"font-family: arial, helvetica, sans-serif;font-size: 14pt\"><strong>ART\u00cdCULO 25.-<\/strong> La junta directiva podr\u00e1 nombrar miembros de honor de la asociaci\u00f3n a personas que hayan contra\u00eddo m\u00e9ritos relevantes. Estas personas quedar\u00e1n exentas de pago de cuotas, no podr\u00e1n ser electoras ni elegibles para los cargos directivos y, podr\u00e1n participar con voz pero sin voto en los \u00f3rganos de administraci\u00f3n y gobierno de la asociaci\u00f3n. <\/span><\/p>\n<p><span style=\"font-family: arial, helvetica, sans-serif;font-size: 14pt\"><strong>ART\u00cdCULO 26.-<\/strong> Se causar\u00e1 baja por alguna de las siguientes causas: a) Por renuncia voluntaria, comunicada por escrito a la junta directiva, aunque no tendr\u00e1 car\u00e1cter definitivo en tanto no haya transcurrido un mes desde la presentaci\u00f3n de la renuncia. b) Por incumplimiento de las obligaciones econ\u00f3micas o si se dejase de satisfacer una cuota peri\u00f3dica, siempre y cuando, a juicio de la junta directiva, no se justifique motivo suficiente de impago. <\/span><\/p>\n<p><span style=\"font-family: arial, helvetica, sans-serif;font-size: 14pt\"><strong>ART\u00cdCULO 27.- <\/strong>Las personas asociadas gozar\u00e1n de los siguientes derechos:<\/span><\/p>\n<ol>\n<li><span style=\"font-family: arial, helvetica, sans-serif;font-size: 14pt\">A participar en cuantas actividades organice la\u00a0 asociaci\u00f3n en cumplimiento de sus fines.<\/span><\/li>\n<li><span style=\"font-family: arial, helvetica, sans-serif;font-size: 14pt\">A ser electoras y elegibles para los cargos directivos, y por tanto ejercer el derecho de voto, as\u00ed como a asistir a la asamblea general, de acuerdo con los estatutos.<\/span><\/li>\n<li><span style=\"font-family: arial, helvetica, sans-serif;font-size: 14pt\">A contar con informaci\u00f3n acerca de la composici\u00f3n de los \u00f3rganos de gobierno y representaci\u00f3n de la asociaci\u00f3n, de su estado de cuentas y del desarrollo de su actividad.<\/span><\/li>\n<li><span style=\"font-family: arial, helvetica, sans-serif;font-size: 14pt\">A poseer un ejemplar de estos estatutos y recibir informaci\u00f3n de los acuerdos adoptados por los \u00f3rganos de la asociaci\u00f3n.<\/span><\/li>\n<li><span style=\"font-family: arial, helvetica, sans-serif;font-size: 14pt\">A hacer uso de la insignia o emblema de la asociaci\u00f3n si la hubiese<\/span><\/li>\n<li><span style=\"font-family: arial, helvetica, sans-serif;font-size: 14pt\">A disponer de tr\u00e1mite de audiencia con car\u00e1cter previo a la adopci\u00f3n de medidas disciplinarias contra ellas y a contar con informaci\u00f3n de los hechos que den lugar a tales medidas, debiendo ser motivado el acuerdo que, en su caso, imponga la sanci\u00f3n.<\/span><\/li>\n<li><span style=\"font-family: arial, helvetica, sans-serif;font-size: 14pt\">A recurrir ante la junta directiva cuando estimen que sus derechos han sido vulnerados, sin perjuicio de la impugnaci\u00f3n de acuerdos que puedan formular legalmente.<\/span><\/li>\n<\/ol>\n<p><span style=\"font-family: arial, helvetica, sans-serif;font-size: 14pt\"><strong>ART\u00cdCULO 28.- <\/strong>Ser\u00e1n obligaciones de todas las personas socias:<\/span><\/p>\n<ol>\n<li><span style=\"font-family: arial, helvetica, sans-serif;font-size: 14pt\">Cumplir los presentes estatutos y los acuerdos v\u00e1lidamente adoptados por las asambleas generales y por la junta directiva.<\/span><\/li>\n<li><span style=\"font-family: arial, helvetica, sans-serif;font-size: 14pt\">Compartir las finalidades de la asociaci\u00f3n y colaborar para la consecuci\u00f3n de las mismas.<\/span><\/li>\n<li><span style=\"font-family: arial, helvetica, sans-serif;font-size: 14pt\">Desempe\u00f1ar, en su caso, las obligaciones inherentes al cargo que ocupen.<\/span><\/li>\n<li><span style=\"font-family: arial, helvetica, sans-serif;font-size: 14pt\">Pagar las cuotas, derramas y otras aportaciones que, con arreglo a los estatutos, puedan corresponder.<\/span><\/li>\n<li><span style=\"font-family: arial, helvetica, sans-serif;font-size: 14pt\">Cumplir el resto de obligaciones que resulten de las disposiciones estatutarias.<\/span><\/li>\n<li><span style=\"font-family: arial, helvetica, sans-serif;font-size: 14pt\">Acatar y cumplir los acuerdos v\u00e1lidamente adoptados por los \u00f3rganos de gobierno y representaci\u00f3n de la asociaci\u00f3n.<\/span><\/li>\n<\/ol>\n<p><span style=\"font-family: arial, helvetica, sans-serif;font-size: 14pt\"><strong>ART\u00cdCULO 29.-<\/strong> Las personas asociadas podr\u00e1n ser sancionadas por incumplimiento doloso de sus obligaciones. Estas sanciones podr\u00e1n comprender, desde la p\u00e9rdida de sus derechos durante un mes, como m\u00ednimo, hasta la expulsi\u00f3n de la asociaci\u00f3n. No obstante, nadie podr\u00e1 ser expulsado sin haberse instruido expediente sancionador, incluyendo tr\u00e1mite de audiencia de la persona afectada. <\/span><\/p>\n<p><span style=\"font-family: arial, helvetica, sans-serif;font-size: 14pt\"><strong>CAP\u00cdTULO V<\/strong> <strong>R\u00c9GIMEN ECON\u00d3MICO, CONTABILIDAD Y DOCUMENTACI\u00d3N<\/strong> <\/span><\/p>\n<p><span style=\"font-family: arial, helvetica, sans-serif;font-size: 14pt\"><strong>ART\u00cdCULO 30.- <\/strong>Los recursos econ\u00f3micos previstos para el desarrollo de los fines y las actividades de la asociaci\u00f3n ser\u00e1n los siguientes: a) Las cuotas de entrada, peri\u00f3dicas y extraordinarias. b) Los productos de los bienes y derechos que correspondan en propiedad, as\u00ed como las subvenciones, legados y donaciones que pueda recibir en forma legal. c) Los ingresos que obtenga mediante las actividades l\u00edcitas que acuerde la junta directiva o la asamblea seg\u00fan sus competencias. Los beneficios obtenidos por la asociaci\u00f3n, derivados del ejercicio de actividades econ\u00f3micas, incluidas las prestaciones de servicios, deber\u00e1n destinarse, exclusivamente, al cumplimiento de sus fines, sin que quepa en ning\u00fan caso su reparto entre las personas asociadas, ni entre sus c\u00f3nyuges o personas que convivan con ellas en an\u00e1loga relaci\u00f3n de afectividad, ni entre sus parientes, ni su cesi\u00f3n gratuita a personas f\u00edsicas o jur\u00eddicas con inter\u00e9s lucrativo. <\/span><\/p>\n<p><span style=\"font-family: arial, helvetica, sans-serif;font-size: 14pt\"><strong>ART\u00cdCULO 31.- <\/strong>El patrimonio fundacional de la asociaci\u00f3n se fija en cero euros. <\/span><\/p>\n<p><span style=\"font-family: arial, helvetica, sans-serif;font-size: 14pt\"><strong>ART\u00cdCULO 32.-<\/strong> El ejercicio asociativo y econ\u00f3mico coincidir\u00e1 con el a\u00f1o natural. <\/span><\/p>\n<p><span style=\"font-family: arial, helvetica, sans-serif;font-size: 14pt\"><strong>ART\u00cdCULO 33.- <\/strong>La contabilidad se llevar\u00e1 de conformidad con la normativa que resulte de aplicaci\u00f3n. <\/span><\/p>\n<p><span style=\"font-family: arial, helvetica, sans-serif;font-size: 14pt\"><strong>ART\u00cdCULO 34.- <\/strong>La asociaci\u00f3n dispondr\u00e1 de libros de contabilidad, de una relaci\u00f3n actualizada de integrantes, del inventario de sus bienes y de libro de actas de las reuniones de sus \u00f3rganos de gobierno y representaci\u00f3n. <\/span><\/p>\n<p><span style=\"font-family: arial, helvetica, sans-serif;font-size: 14pt\"><strong>CAP\u00cdTULO VI<\/strong> <strong>DISOLUCI\u00d3N<\/strong> <\/span><\/p>\n<p><span style=\"font-family: arial, helvetica, sans-serif;font-size: 14pt\"><strong>ART\u00cdCULO 35.-<\/strong> La asociaci\u00f3n se disolver\u00e1 por las siguientes causas:<\/span><\/p>\n<ul>\n<li><span style=\"font-family: arial, helvetica, sans-serif;font-size: 14pt\">Voluntariamente cuando as\u00ed lo acuerde la asamblea general extraordinaria, convocada al efecto, por una mayor\u00eda de dos tercios de las personas asociadas.<\/span><\/li>\n<li><span style=\"font-family: arial, helvetica, sans-serif;font-size: 14pt\">Por las causas determinadas en el art\u00edculo 39 del C\u00f3digo Civil.<\/span><\/li>\n<li><span style=\"font-family: arial, helvetica, sans-serif;font-size: 14pt\">Por sentencia judicial firme.<\/span><\/li>\n<\/ul>\n<p><span style=\"font-family: arial, helvetica, sans-serif;font-size: 14pt\"><strong>ART\u00cdCULO 36.- <\/strong>En caso de disolverse la asociaci\u00f3n, se nombrar\u00e1 una comisi\u00f3n liquidadora, que se har\u00e1 cargo de los fondos que existan y, una vez satisfechas las deudas, el remanente, si lo hubiese, se destinar\u00e1 para fines que no desvirt\u00faen su naturaleza no lucrativa, concretamente a entidades no lucrativas que persigan fines de inter\u00e9s general an\u00e1logos a los realizados por la misma.<\/span><\/p>\n<p><span style=\"font-family: arial, helvetica, sans-serif;font-size: 14pt\"><strong>DISPOSICI\u00d3N ADICIONAL<\/strong> En todo cuanto no est\u00e9 previsto en los presentes Estatutos, se aplicar\u00e1 la vigente Ley Org\u00e1nica 1\/2002, de 22 de marzo, reguladora del Derecho de Asociaci\u00f3n y, normas complementarias. <em>FIRMAS de todos los promotores que figuren como otorgantes del Acta Fundacional. Podr\u00e1n firmar tambi\u00e9n en el margen de cada una de las hojas de los Estatutos. \u00a0<\/em><\/span><\/p>\n","protected":false},"excerpt":{"rendered":"<p>ESTATUTOS DE LA ASOCIACI\u00d3N CAP\u00cdTULO I DENOMINACI\u00d3N, FINES, DOMICILIO, Y \u00c1MBITO ART\u00cdCULO 1.- Con la denominaci\u00f3n de Asociaci\u00f3n de Docentes de Econom\u00eda de Secundaria en Asturias (ADESASTUR), se constituye por tiempo indefinido en Oviedo una asociaci\u00f3n sin \u00e1nimo de lucro al amparo de la Ley Org\u00e1nica 1\/2002, de 22 de marzo, reguladora del Derecho de &hellip; <a href=\"https:\/\/edublog.educastur.es\/docenteseconomia\/2020\/11\/21\/asociacion-de-docentes-de-economia-de-secundaria-en-asturias-adesastur-estatutos\/\" class=\"more-link\">Seguir leyendo <span class=\"screen-reader-text\">Asociaci\u00f3n de Docentes de Econom\u00eda de Secundaria en Asturias &#8211; ADESASTUR &#8211; Estatutos<\/span><\/a><\/p>\n","protected":false},"author":32,"featured_media":0,"comment_status":"open","ping_status":"open","sticky":false,"template":"","format":"standard","meta":{"footnotes":""},"categories":[8],"tags":[3,2,6,5,4,7],"class_list":["post-7","post","type-post","status-publish","format-standard","hentry","category-adesastur","tag-adesastur","tag-asociacion","tag-asturias","tag-docentes","tag-economia","tag-ies","no-featured-image"],"_links":{"self":[{"href":"https:\/\/edublog.educastur.es\/docenteseconomia\/wp-json\/wp\/v2\/posts\/7","targetHints":{"allow":["GET"]}}],"collection":[{"href":"https:\/\/edublog.educastur.es\/docenteseconomia\/wp-json\/wp\/v2\/posts"}],"about":[{"href":"https:\/\/edublog.educastur.es\/docenteseconomia\/wp-json\/wp\/v2\/types\/post"}],"author":[{"embeddable":true,"href":"https:\/\/edublog.educastur.es\/docenteseconomia\/wp-json\/wp\/v2\/users\/32"}],"replies":[{"embeddable":true,"href":"https:\/\/edublog.educastur.es\/docenteseconomia\/wp-json\/wp\/v2\/comments?post=7"}],"version-history":[{"count":1,"href":"https:\/\/edublog.educastur.es\/docenteseconomia\/wp-json\/wp\/v2\/posts\/7\/revisions"}],"predecessor-version":[{"id":8,"href":"https:\/\/edublog.educastur.es\/docenteseconomia\/wp-json\/wp\/v2\/posts\/7\/revisions\/8"}],"wp:attachment":[{"href":"https:\/\/edublog.educastur.es\/docenteseconomia\/wp-json\/wp\/v2\/media?parent=7"}],"wp:term":[{"taxonomy":"category","embeddable":true,"href":"https:\/\/edublog.educastur.es\/docenteseconomia\/wp-json\/wp\/v2\/categories?post=7"},{"taxonomy":"post_tag","embeddable":true,"href":"https:\/\/edublog.educastur.es\/docenteseconomia\/wp-json\/wp\/v2\/tags?post=7"}],"curies":[{"name":"wp","href":"https:\/\/api.w.org\/{rel}","templated":true}]}}