{"id":74,"date":"2026-03-15T20:52:29","date_gmt":"2026-03-15T20:52:29","guid":{"rendered":"https:\/\/edublog.educastur.es\/docenteseconomia\/?p=74"},"modified":"2026-03-15T20:53:53","modified_gmt":"2026-03-15T20:53:53","slug":"acuerdo-asturias-educa","status":"publish","type":"post","link":"https:\/\/edublog.educastur.es\/docenteseconomia\/2026\/03\/15\/acuerdo-asturias-educa\/","title":{"rendered":"Acuerdo Asturias Educa"},"content":{"rendered":"<p>En esta entrada se comparte el documento del acuerdo <strong>\u00abAsturias Educa\u00bb <\/strong>que se ha firmado esta ma\u00f1ana. En dicho documento aparece nuestra ansiada demanda:<\/p>\n<p>&nbsp;<\/p>\n<p>\u00ab&#8230;<strong>VI. CREACI\u00d3N DEL DEPARTAMENTO DE ECONOM\u00cdA<\/strong><!--more--><\/p>\n<p>El Proyecto de Ley de Presupuestos de 2027 incluir\u00e1 la dotaci\u00f3n econ\u00f3mica correspondiente para la creaci\u00f3n del departamento de Econom\u00eda para su implantaci\u00f3n en el curso 2027\/2028&#8230;\u00bb<\/p>\n<p>&nbsp;<\/p>\n<p>Este es el enlace a la nota de prensa sobre la noticia: <a id=\"menur3be\" class=\"fui-Link ___1q1shib f2hkw1w f3rmtva f1ewtqcl fyind8e f1k6fduh f1w7gpdv fk6fouc fjoy568 figsok6 f1s184ao f1mk8lai fnbmjn9 f1o700av f13mvf36 f1cmlufx f9n3di6 f1ids18y f1tx3yz7 f1deo86v f1eh06m1 f1iescvh fhgqx19 f1olyrje f1p93eir f1nev41a f1h8hb77 f1lqvz6u f10aw75t fsle3fq f17ae5zn\" title=\"https:\/\/actualidad.asturias.es\/-\/el-gobierno-del-principado-suscribe-con-los-sindicatos-el-pacto-as%e2%80%a6\" href=\"https:\/\/actualidad.asturias.es\/-\/el-gobierno-del-principado-suscribe-con-los-sindicatos-el-pacto-as\u2026\" target=\"_blank\" rel=\"noreferrer noopener\" aria-label=\"V\u00ednculo https:\/\/actualidad.asturias.es\/-\/el-gobierno-del-principado-suscribe-con-los-sindicatos-el-pacto-as\u2026\">https:\/\/actualidad.asturias.es\/-\/el-gobierno-del-principado-suscribe-con-los-sindicatos-el-pacto-as\u2026<\/a><\/p>\n<p>El Gobierno del Principado suscribe con los sindicatos el pacto &#8216;Asturias Educa&#8217;, la hoja de ruta para fortalecer la escuela p\u00fablica que implica una inversi\u00f3n de 45 millones &#8211; El Gobierno del Princ&#8230;<\/p>\n<p>El presidente valora el contenido del documento y agradece la disposici\u00f3n de las organizaciones sindicales para cerrar el acuerdo que puso fin a las&#8230;<\/p>\n<p><a href=\"https:\/\/anpeasturias.es\/openFile.php?link=notices\/att\/3\/20250702-acuerdo-pacto-asturias-educa-2025_t1751448263_3_1.pdf\">Asturias Educa &#8211; texto \u00edntegro del pacto<\/a><\/p>\n","protected":false},"excerpt":{"rendered":"<p>En esta entrada se comparte el documento del acuerdo \u00abAsturias Educa\u00bb que se ha firmado esta ma\u00f1ana. En dicho documento aparece nuestra ansiada demanda: &nbsp; \u00ab&#8230;VI. CREACI\u00d3N DEL DEPARTAMENTO DE ECONOM\u00cdA<\/p>\n","protected":false},"author":32,"featured_media":0,"comment_status":"open","ping_status":"open","sticky":false,"template":"","format":"standard","meta":{"footnotes":""},"categories":[8,12],"tags":[11],"class_list":["post-74","post","type-post","status-publish","format-standard","hentry","category-adesastur","category-departamento","tag-departamento","no-featured-image"],"_links":{"self":[{"href":"https:\/\/edublog.educastur.es\/docenteseconomia\/wp-json\/wp\/v2\/posts\/74","targetHints":{"allow":["GET"]}}],"collection":[{"href":"https:\/\/edublog.educastur.es\/docenteseconomia\/wp-json\/wp\/v2\/posts"}],"about":[{"href":"https:\/\/edublog.educastur.es\/docenteseconomia\/wp-json\/wp\/v2\/types\/post"}],"author":[{"embeddable":true,"href":"https:\/\/edublog.educastur.es\/docenteseconomia\/wp-json\/wp\/v2\/users\/32"}],"replies":[{"embeddable":true,"href":"https:\/\/edublog.educastur.es\/docenteseconomia\/wp-json\/wp\/v2\/comments?post=74"}],"version-history":[{"count":3,"href":"https:\/\/edublog.educastur.es\/docenteseconomia\/wp-json\/wp\/v2\/posts\/74\/revisions"}],"predecessor-version":[{"id":77,"href":"https:\/\/edublog.educastur.es\/docenteseconomia\/wp-json\/wp\/v2\/posts\/74\/revisions\/77"}],"wp:attachment":[{"href":"https:\/\/edublog.educastur.es\/docenteseconomia\/wp-json\/wp\/v2\/media?parent=74"}],"wp:term":[{"taxonomy":"category","embeddable":true,"href":"https:\/\/edublog.educastur.es\/docenteseconomia\/wp-json\/wp\/v2\/categories?post=74"},{"taxonomy":"post_tag","embeddable":true,"href":"https:\/\/edublog.educastur.es\/docenteseconomia\/wp-json\/wp\/v2\/tags?post=74"}],"curies":[{"name":"wp","href":"https:\/\/api.w.org\/{rel}","templated":true}]}}