{"id":502,"date":"2023-10-01T10:53:42","date_gmt":"2023-10-01T10:53:42","guid":{"rendered":"https:\/\/edublog.educastur.es\/edulgtbi\/?p=502"},"modified":"2023-10-15T10:53:59","modified_gmt":"2023-10-15T10:53:59","slug":"escuelas-seguras","status":"publish","type":"post","link":"https:\/\/edublog.educastur.es\/edulgtbi\/2023\/10\/01\/escuelas-seguras\/","title":{"rendered":"Escuelas seguras"},"content":{"rendered":"<ul>\n<li><a href=\"https:\/\/www.felgtb.com\/ciberbullying\/escuelasseguras.html\">Ciberacoso LGTBI (felgtb.com)<\/a><\/li>\n<li><a href=\"https:\/\/felgtbi.org\/\">Federaci\u00f3n Estatal LGTBI+ &#8211; FELGTBI+<\/a><\/li>\n<\/ul>\n<p style=\"text-align: center\"><a href=\"https:\/\/felgtbi.org\/wp-content\/uploads\/2021\/10\/cropped-logo_felgtbi.png\"><img loading=\"lazy\" decoding=\"async\" class=\"aligncenter size-full\" src=\"https:\/\/felgtbi.org\/wp-content\/uploads\/2021\/10\/cropped-logo_felgtbi.png\" width=\"235\" height=\"76\" \/><\/a><\/p>\n<div id=\"main\" class=\"wrapper style4\">\n<div id=\"content\" class=\"container\">\n<section>\n<header class=\"major\"><span class=\"byline\">RED DE CENTROS EDUCATIVOS CONTRA EL ACOSO LGTBI<\/span><\/header>\n<ul>\n<li>La Federaci\u00f3n Estatal de Lesbianas, Gais, Transexuales y Bisexuales (FELGTB) y las entidades pertenecientes al proyecto RED EDUCA\u00a0 desarrollan desde junio del 2017 el proyecto <span style=\"color: #800080\"><strong>\u00a1En nuestro instituto NO!<\/strong> <\/span>Coalici\u00f3n de CENTROS EDUCATIVOS contra el acoso<br \/>\nLGTBI, financiado por la convocatoria Impulsa\/Podemos.<\/li>\n<\/ul>\n<p><!--more--><\/p>\n<p>El objetivo principal del proyecto es crear una coalici\u00f3n de escuelas seguras para liderar los esfuerzos frente al acoso escolar. La alianza incluye estudiantes, profesionales sociales, maestros\/as, familias, personal de mantenimiento y administradores\/as. Este modelo de prevenci\u00f3n incluye un certificado, cuyo objetivo es reconocer el compromiso y responsabilidad conjunta de todos los implicados.<\/p>\n<p>El proyecto quiere dar una respuesta coherente con los planteamientos de la educaci\u00f3n en diversidad. Esta iniciativa se organiza en torno a la participaci\u00f3n en la comunidad donde se inserta, porque todos los agentes nos aportan elementos v\u00e1lidos para construir una escuela diversa y segura. El impacto de la coalici\u00f3n es m\u00e1s fuerte a\u00fan si acoge representaci\u00f3n tanto de la escuela como de la comunidad en general. Hasta el momento hemos informado este proyecto en un buen n\u00famero de centros educativos adem\u00e1s de difundirlo tambi\u00e9n en centros de ocio y tiempo libre y redes sociales.<\/p>\n<p><strong>\u00a1UNETE A LA RED DE ESCUELAS SEGURAS!<\/strong>Puedes consultar:\u00a0<a href=\"https:\/\/www.felgtb.com\/ciberbullying\/materiales\/RequisitosEscuelasSeguras.pdf\" target=\"_blank\" rel=\"noopener\">nuestro protocolo de ahdesi\u00f3n<\/a>\u00a0,\u00a0<a href=\"https:\/\/www.felgtb.com\/ciberbullying\/materiales\/lineasgeneralesproyectoES.pdf\" target=\"_blank\" rel=\"noopener\">l\u00edneas generales del proyecto<\/a>\u00a0y\u00a0<a href=\"https:\/\/youtu.be\/9QkdZ8UPmcc\" target=\"_blank\" rel=\"noopener\">video presentaci\u00f3n de la campa\u00f1a.<\/a><\/p>\n<ul>\n<li>Si quieres contactarnos puedes hacerlo en el tel\u00e9fono y correo electr\u00f3nico:<br \/>\nAlfonso Lara<br \/>\nTlf: 91 3604605<br \/>\nemail:\u00a0<a href=\"mailto:alfonsolara@felgtb.org\" target=\"_blank\" rel=\"noopener\">alfonsolara@felgtb.org<\/a><\/li>\n<\/ul>\n<\/section>\n<\/div>\n<\/div>\n<p>&nbsp;<\/p>\n<p>&nbsp;<\/p>\n<div id=\"footer\">\n<section class=\"container\">\n<header class=\"major\">\n<h2>CONTACTO<\/h2>\n<p><span class=\"byline\">SI QUIERES PONERTE EN CONTACTO CON NOSOTROS PUEDES HACERLO EN:<\/span><\/p>\n<\/header>\n<p>Prensa: prensa@felgtb.org<br \/>\nConsultas: administracion@felgtb.org<br \/>\ntelf.: +34913604605<\/p>\n<\/section>\n<\/div>\n","protected":false},"excerpt":{"rendered":"<p>Ciberacoso LGTBI (felgtb.com) Federaci\u00f3n Estatal LGTBI+ &#8211; FELGTBI+ RED DE CENTROS EDUCATIVOS CONTRA EL ACOSO LGTBI La Federaci\u00f3n Estatal de Lesbianas, Gais, Transexuales y Bisexuales (FELGTB) y las entidades pertenecientes al proyecto RED EDUCA\u00a0 desarrollan desde junio del 2017 el proyecto \u00a1En nuestro instituto NO! Coalici\u00f3n de CENTROS EDUCATIVOS contra el acoso LGTBI, financiado por [&hellip;]<\/p>\n","protected":false},"author":117,"featured_media":0,"comment_status":"open","ping_status":"open","sticky":false,"template":"","format":"standard","meta":{"footnotes":""},"categories":[5],"tags":[],"class_list":["post-502","post","type-post","status-publish","format-standard","hentry","category-felgtbi"],"_links":{"self":[{"href":"https:\/\/edublog.educastur.es\/edulgtbi\/wp-json\/wp\/v2\/posts\/502","targetHints":{"allow":["GET"]}}],"collection":[{"href":"https:\/\/edublog.educastur.es\/edulgtbi\/wp-json\/wp\/v2\/posts"}],"about":[{"href":"https:\/\/edublog.educastur.es\/edulgtbi\/wp-json\/wp\/v2\/types\/post"}],"author":[{"embeddable":true,"href":"https:\/\/edublog.educastur.es\/edulgtbi\/wp-json\/wp\/v2\/users\/117"}],"replies":[{"embeddable":true,"href":"https:\/\/edublog.educastur.es\/edulgtbi\/wp-json\/wp\/v2\/comments?post=502"}],"version-history":[{"count":2,"href":"https:\/\/edublog.educastur.es\/edulgtbi\/wp-json\/wp\/v2\/posts\/502\/revisions"}],"predecessor-version":[{"id":504,"href":"https:\/\/edublog.educastur.es\/edulgtbi\/wp-json\/wp\/v2\/posts\/502\/revisions\/504"}],"wp:attachment":[{"href":"https:\/\/edublog.educastur.es\/edulgtbi\/wp-json\/wp\/v2\/media?parent=502"}],"wp:term":[{"taxonomy":"category","embeddable":true,"href":"https:\/\/edublog.educastur.es\/edulgtbi\/wp-json\/wp\/v2\/categories?post=502"},{"taxonomy":"post_tag","embeddable":true,"href":"https:\/\/edublog.educastur.es\/edulgtbi\/wp-json\/wp\/v2\/tags?post=502"}],"curies":[{"name":"wp","href":"https:\/\/api.w.org\/{rel}","templated":true}]}}