{"id":546,"date":"2022-10-22T10:51:39","date_gmt":"2022-10-22T10:51:39","guid":{"rendered":"https:\/\/edublog.educastur.es\/edulgtbi\/?p=546"},"modified":"2023-10-15T14:04:59","modified_gmt":"2023-10-15T14:04:59","slug":"546","status":"publish","type":"post","link":"https:\/\/edublog.educastur.es\/edulgtbi\/2022\/10\/22\/546\/","title":{"rendered":"Rechazo a la Ley de Garant\u00edas de los Derechos de las Personas LGTBI y sus Familias."},"content":{"rendered":"<h1 class=\"v-a-t\"><em><span style=\"font-size: 18pt\">Las asociaciones LGTBI y los sindicatos rechazan la Ley regional por \u00abinsuficiente\u00bb<\/span><\/em><\/h1>\n<h2 class=\"v-a-sub-t\"><span style=\"font-size: 14pt\">Califican el borrador como un \u00abmero tr\u00e1mite sin ninguna intenci\u00f3n de di\u00e1logo constructivo y cerrado a cualquier propuesta\u00bb<\/span><\/h2>\n<ul>\n<li><a href=\"https:\/\/www.elcomercio.es\/asturias\/asociaciones-lgtbi-sindicatos-asturias-rechazan-ley-regional-20221022213523-nt.html\">Fuente: El Comercio, Jessica M. Puga<\/a><\/li>\n<\/ul>\n<p style=\"text-align: center\"><a href=\"https:\/\/s2.ppllstatics.com\/elcomercio\/www\/multimedia\/202210\/22\/media\/cortadas\/orgullo-gay-ktQG-U180465012985dhF-624x385@El%20Comercio.jpg\"><img loading=\"lazy\" decoding=\"async\" class=\"aligncenter size-full\" src=\"https:\/\/s2.ppllstatics.com\/elcomercio\/www\/multimedia\/202210\/22\/media\/cortadas\/orgullo-gay-ktQG-U180465012985dhF-624x385@El%20Comercio.jpg\" width=\"624\" height=\"385\" \/><\/a><!--more--><\/p>\n<p class=\"v-p\">Las asociaciones LGTBI auton\u00f3micas y los sindicatos mayoritarios vuelven a rechazar el borrador de la Ley de Garant\u00edas de los Derechos de las Personas LGTBI y sus Familias.<\/p>\n<p class=\"v-p\">Lo consideran, como hicieron hace un mes cuando recibieron el primer borrador, \u00abinsuficiente\u00bb, pero ahora a este argumento suman \u00abel proceder del Gobierno, que presenta al Observatorio el borrador de la legislaci\u00f3n \u00abcomo un mero tr\u00e1mite, sin ninguna intenci\u00f3n de di\u00e1logo constructivo y cerrado a cualquier propuesta\u00bb.<\/p>\n<p class=\"v-p\">En su momento se reunieron para llegar a un acuerdo, y si el viernes la consejera de Presidencia, Rita Camblor, celebraba el texto final de este proyecto haciendo referencia a una norma que ha incorporado las alegaciones de las entidades LGTBI, estos colectivos coincidieron este s\u00e1bado en mantener su rechazo. Aducen que \u00abel Gobierno del Principado ha decidido ignorar deliberadamente a los principales agentes sociales implicados en la implementaci\u00f3n de pol\u00edticas dirigidas a la poblaci\u00f3n LGTBI, y denunciamos la utilizaci\u00f3n del Observatorio para legitimar y publicitar un proyecto de ley en el que no se nos ha tenido en cuenta\u00bb.<\/p>\n<div id=\"_wmass_108\">\n<div id=\"jw-s_108108\"><\/div>\n<div id=\"sm-it-main-container-1697377886252\" class=\"sm-it-main-container\" data-it=\"dfd6f2e7-dda3-4c94-95aa-9e21beb2bfe0\" data-device=\"desktop\" data-index=\"0\">\n<div id=\"sm-reference-1697377886252\" class=\"sm-reference\"><\/div>\n<\/div>\n<\/div>\n<div class=\"v-adv v-adv--ly\">\n<div class=\"v-adv__item \">\n<div id=\"layer_inpage-id\" data-voc-vam=\"\" data-voc-vam-position=\"layer_inpage\" data-google-query-id=\"CNPPna2Z-IEDFdJxpAQdO5sBAg\" data-voc-vam-displayed=\"true\">\n<div id=\"google_ads_iframe_\/4900\/vocento.elcomerciodigital\/asturias_6__container__\"><\/div>\n<\/div>\n<\/div>\n<\/div>\n<p class=\"v-p\">Xega, Faciendo Camin, Llar trans, Colibr\u00edes en Acci\u00f3n, Red educativa LGTBI+, UGT y CC OO mantienen su desacuerdo ante un texto que \u00absigue siendo escueto y nada acorde a las necesidades colectivas\u00bb. Exponen que el texto legal presentado \u00abprescinde de la utilizaci\u00f3n del t\u00e9rmino trans y no reconoce el derecho a la autodeterminaci\u00f3n de g\u00e9nero\u00bb y que \u00abpese a prohibir las &#8216;terapias de conversi\u00f3n&#8217; no formula con el mismo car\u00e1cter tajante la prohibici\u00f3n de mutilaciones genitales a criaturas intersexuales, sino que simplemente se &#8216;vela por su erradicaci\u00f3n&#8217;\u00bb. Critican tambi\u00e9n que la norma no recoja cambios en materia educativa, \u00abdonde es escueto y muy descriptivo, evitando incorporar un protocolo educativo espec\u00edfico para las personas LGTBI+, tambi\u00e9n a nivel sanitario y laboral\u00bb.<\/p>\n<p class=\"v-p\">\u00abEs absolutamente incongruente que un texto que busca garantizar nuestros derechos no cuente con nuestras alegaciones basadas en d\u00e9cadas de activismo\u00bb, resumen las mismas asociaciones y sindicatos. Tambi\u00e9n se\u00f1alan que el primer borrador implicaba un recorte \u00abmuy considerable respecto de otros presentados y negociados en legislaturas precedentes\u00bb. \u00abNuestra posici\u00f3n es absolutamente tajante: el recorte a los intereses partidistas afecta a nuestras vidas y a nuestras situaciones de vulnerabilidad social frente a las violencias LGTB\u00cdfobas\u00bb.<\/p>\n<p>&nbsp;<\/p>\n<p style=\"text-align: center\">\n<!-- iframe plugin v.6.0 wordpress.org\/plugins\/iframe\/ -->\n<iframe loading=\"lazy\" src=\"https:\/\/www.facebook.com\/plugins\/post.php?href=https%3A%2F%2Fwww.facebook.com%2Fphoto.php%3Ffbid%3D136103922502633%26set%3Da.134039569375735%26type%3D3&#038;show_text=false&#038;width=500\" width=\"500\" height=\"531\" style=\"border:none;overflow:hidden\" scrolling=\"no\" frameborder=\"0\" allowfullscreen=\"true\" allow=\"autoplay; clipboard-write; encrypted-media; picture-in-picture; web-share\" 0=\"\/iframe\" class=\"iframe-class\"><\/iframe>\n<\/p>\n","protected":false},"excerpt":{"rendered":"<p>Las asociaciones LGTBI y los sindicatos rechazan la Ley regional por \u00abinsuficiente\u00bb Califican el borrador como un \u00abmero tr\u00e1mite sin ninguna intenci\u00f3n de di\u00e1logo constructivo y cerrado a cualquier propuesta\u00bb Fuente: El Comercio, Jessica M. Puga<\/p>\n","protected":false},"author":117,"featured_media":0,"comment_status":"open","ping_status":"open","sticky":false,"template":"","format":"standard","meta":{"footnotes":""},"categories":[8],"tags":[],"class_list":["post-546","post","type-post","status-publish","format-standard","hentry","category-asociaciones-lgtbi"],"_links":{"self":[{"href":"https:\/\/edublog.educastur.es\/edulgtbi\/wp-json\/wp\/v2\/posts\/546","targetHints":{"allow":["GET"]}}],"collection":[{"href":"https:\/\/edublog.educastur.es\/edulgtbi\/wp-json\/wp\/v2\/posts"}],"about":[{"href":"https:\/\/edublog.educastur.es\/edulgtbi\/wp-json\/wp\/v2\/types\/post"}],"author":[{"embeddable":true,"href":"https:\/\/edublog.educastur.es\/edulgtbi\/wp-json\/wp\/v2\/users\/117"}],"replies":[{"embeddable":true,"href":"https:\/\/edublog.educastur.es\/edulgtbi\/wp-json\/wp\/v2\/comments?post=546"}],"version-history":[{"count":4,"href":"https:\/\/edublog.educastur.es\/edulgtbi\/wp-json\/wp\/v2\/posts\/546\/revisions"}],"predecessor-version":[{"id":561,"href":"https:\/\/edublog.educastur.es\/edulgtbi\/wp-json\/wp\/v2\/posts\/546\/revisions\/561"}],"wp:attachment":[{"href":"https:\/\/edublog.educastur.es\/edulgtbi\/wp-json\/wp\/v2\/media?parent=546"}],"wp:term":[{"taxonomy":"category","embeddable":true,"href":"https:\/\/edublog.educastur.es\/edulgtbi\/wp-json\/wp\/v2\/categories?post=546"},{"taxonomy":"post_tag","embeddable":true,"href":"https:\/\/edublog.educastur.es\/edulgtbi\/wp-json\/wp\/v2\/tags?post=546"}],"curies":[{"name":"wp","href":"https:\/\/api.w.org\/{rel}","templated":true}]}}