{"id":69,"date":"2023-06-12T09:14:00","date_gmt":"2023-06-12T09:14:00","guid":{"rendered":"https:\/\/edublog.educastur.es\/edulgtbi\/?p=69"},"modified":"2023-06-12T09:16:11","modified_gmt":"2023-06-12T09:16:11","slug":"campana-del-orgullo-2023","status":"publish","type":"post","link":"https:\/\/edublog.educastur.es\/edulgtbi\/2023\/06\/12\/campana-del-orgullo-2023\/","title":{"rendered":"Campa\u00f1a del orgullo 2023"},"content":{"rendered":"<p style=\"text-align: center\"><a href=\"https:\/\/fundaciondiversidad.com\/\"><img loading=\"lazy\" decoding=\"async\" class=\"aligncenter \" src=\"https:\/\/fundaciondiversidad.com\/wp-content\/uploads\/2023\/03\/cropped-Fundacion-Diversidad-Promovida-por-Fundacion-Vivofacil-2023-color-2-2048x680.png\" width=\"235\" height=\"78\" \/><\/a><\/p>\n<p><img loading=\"lazy\" decoding=\"async\" class=\"aligncenter\" src=\"https:\/\/fundaciondiversidad.com\/wp-content\/uploads\/2023\/06\/celebramos-el-orgullo-1024x96.jpg\" width=\"544\" height=\"51\" \/><\/p>\n<p style=\"text-align: center\"><a href=\"https:\/\/fundaciondiversidad.com\/wp-content\/uploads\/2023\/06\/Campana_Orgullo-1024x511.png\"><img loading=\"lazy\" decoding=\"async\" class=\"aligncenter \" src=\"https:\/\/fundaciondiversidad.com\/wp-content\/uploads\/2023\/06\/Campana_Orgullo-1024x511.png\" width=\"517\" height=\"258\" \/><\/a><\/p>\n<p>Vivimos en una sociedad diversa, que deber\u00eda verse reflejada tambi\u00e9n en el \u00e1mbito de las empresas y organizaciones. No siempre es as\u00ed, por temor al rechazo o a la discriminaci\u00f3n. Es por ello, que lanzamos esta campa\u00f1a para que todas las personas LGBTIQ+ puedan vivir plenamente su diversidad en el \u00e1mbito laboral.\u00a0<strong>Vivimos con orgullo la diversidad<\/strong>\u00a0es el lema de la campa\u00f1a de este a\u00f1o porque la diversidad se debe celebrar y visibilizar en nuestra sociedad.<\/p>\n<p>Animamos a todos los\u00a0<strong>firmantes de la Carta de la Diversidad en Espa\u00f1a<\/strong>\u00a0a participar en la campa\u00f1a que hemos creado para RRRS, como parte de las conmemoraciones del\u00a0<b>Orgullo LGBTIQ+ 2023.<\/b><\/p>\n<p><span style=\"color: #008080\"><b>Cu\u00e1ndo<\/b><strong>:\u00a0<\/strong><\/span><strong><span style=\"color: #008080\">26 de junio al 2 de julio 2023<\/span><br \/>\n<\/strong><b>D\u00f3nde:\u00a0<\/b>en<a href=\"https:\/\/twitter.com\/Fund_Diversidad\"> Twitter<\/a>, <a href=\"https:\/\/www.linkedin.com\/company\/fundaciondiversidad\/\">LinkedIn<\/a>, <a href=\"https:\/\/www.instagram.com\/fund_diversidad\/\">Instagram<\/a> y<a href=\"https:\/\/www.facebook.com\/FundacionparalaDiversidad\"> Facebook<\/a><br \/>\n<b>Lema:<\/b><strong><em>\u00a0 \u00a1Vivimos con orgullo la Diversidad!<br \/>\n<\/em><\/strong><b>Hashtags:\u00a0\u00a0<\/b><strong>#UnidaEnLaDiversidadLGBTIQ+<\/strong>\u00a0 (Unida en la Diversidad es el lema de la UE),\u00a0<strong>#Cartadela Diversidad<\/strong>\u00a0y\u00a0<strong>#EU4LGBTI<\/strong>\u00a0(Hashtag de la UE para el Orgullo)<\/p>\n<ul>\n<li><\/li>\n<\/ul>\n","protected":false},"excerpt":{"rendered":"<p>Vivimos en una sociedad diversa, que deber\u00eda verse reflejada tambi\u00e9n en el \u00e1mbito de las empresas y organizaciones. No siempre es as\u00ed, por temor al rechazo o a la discriminaci\u00f3n. Es por ello, que lanzamos esta campa\u00f1a para que todas las personas LGBTIQ+ puedan vivir plenamente su diversidad en el \u00e1mbito laboral.\u00a0Vivimos con orgullo la [&hellip;]<\/p>\n","protected":false},"author":117,"featured_media":0,"comment_status":"open","ping_status":"open","sticky":false,"template":"","format":"standard","meta":{"footnotes":""},"categories":[3],"tags":[],"class_list":["post-69","post","type-post","status-publish","format-standard","hentry","category-celebraciones"],"_links":{"self":[{"href":"https:\/\/edublog.educastur.es\/edulgtbi\/wp-json\/wp\/v2\/posts\/69","targetHints":{"allow":["GET"]}}],"collection":[{"href":"https:\/\/edublog.educastur.es\/edulgtbi\/wp-json\/wp\/v2\/posts"}],"about":[{"href":"https:\/\/edublog.educastur.es\/edulgtbi\/wp-json\/wp\/v2\/types\/post"}],"author":[{"embeddable":true,"href":"https:\/\/edublog.educastur.es\/edulgtbi\/wp-json\/wp\/v2\/users\/117"}],"replies":[{"embeddable":true,"href":"https:\/\/edublog.educastur.es\/edulgtbi\/wp-json\/wp\/v2\/comments?post=69"}],"version-history":[{"count":3,"href":"https:\/\/edublog.educastur.es\/edulgtbi\/wp-json\/wp\/v2\/posts\/69\/revisions"}],"predecessor-version":[{"id":72,"href":"https:\/\/edublog.educastur.es\/edulgtbi\/wp-json\/wp\/v2\/posts\/69\/revisions\/72"}],"wp:attachment":[{"href":"https:\/\/edublog.educastur.es\/edulgtbi\/wp-json\/wp\/v2\/media?parent=69"}],"wp:term":[{"taxonomy":"category","embeddable":true,"href":"https:\/\/edublog.educastur.es\/edulgtbi\/wp-json\/wp\/v2\/categories?post=69"},{"taxonomy":"post_tag","embeddable":true,"href":"https:\/\/edublog.educastur.es\/edulgtbi\/wp-json\/wp\/v2\/tags?post=69"}],"curies":[{"name":"wp","href":"https:\/\/api.w.org\/{rel}","templated":true}]}}