{"id":75,"date":"2023-06-08T20:00:25","date_gmt":"2023-06-08T20:00:25","guid":{"rendered":"https:\/\/edublog.educastur.es\/edulgtbi\/?p=75"},"modified":"2023-10-15T10:48:49","modified_gmt":"2023-10-15T10:48:49","slug":"ladrillo-de-xega-al-principado","status":"publish","type":"post","link":"https:\/\/edublog.educastur.es\/edulgtbi\/2023\/06\/08\/ladrillo-de-xega-al-principado\/","title":{"rendered":"\u00abLadrillo\u00bb de XEGA al Principado"},"content":{"rendered":"<p><a href=\"https:\/\/cflvdg.avoz.es\/sc\/LEeAHaGKFOny13WxPlQRXQaIJ3E=\/768x\/2022\/05\/09\/00121652109600838947140\/Foto\/arguyt.jpg\"><img loading=\"lazy\" decoding=\"async\" class=\"aligncenter size-full\" src=\"https:\/\/cflvdg.avoz.es\/sc\/LEeAHaGKFOny13WxPlQRXQaIJ3E=\/768x\/2022\/05\/09\/00121652109600838947140\/Foto\/arguyt.jpg\" width=\"768\" height=\"432\" \/><\/a><span style=\"font-size: 12pt\"><br \/>\n<strong>\u00abLadrillo\u00bb de XEGA al Principado por el retraso de la Ley Trans asturiana.<\/strong><br \/>\nFuente: <a href=\"https:\/\/www.lavozdeasturias.es\/noticia\/asturias\/2023\/06\/08\/ladrillo-xega-principado-retraso-ley-trans-asturiana\/00031686227480107427120.htm?utm_source=whatsapp&amp;utm_medium=referral&amp;utm_campaign=share&amp;utm_content=00031686227480107427120&amp;fbclid=IwAR3oKyoaTXbOg7rRdPo9Xfa7IRUnZuhu8bFUS0cYOY0hNAKyjBi1W_7XmRE\">La Voz de Asturias<\/a><\/span><\/p>\n<ul>\n<li>\n<div class=\"date\">\n<h3 class=\"subtitle t-bld\">La organizaci\u00f3n da el premio positivo a al Proyecto Arcoiris de un instituto de Gij\u00f3n y a la pareja de ganaderos que denunci\u00f3 homofobia en Le\u00f3n<\/h3>\n<\/div>\n<p>&nbsp;<\/li>\n<\/ul>\n<p><!--more--><\/p>\n<p class=\"first-paragraph txt\">La asociaci\u00f3n asturiana LGTBI+ &#8216;XEGA&#8217; ha anunciado este jueves que conceder\u00e1 su &#8216;Ladrillo&#8217; a las direcciones generales de Juventud, Diversidad Sexual y Derechos LGTBI y de Igualdad del Gobierno del Principado de Asturias por\u00a0<strong>el retraso en la Ley LGTBIA+ asturiana.<\/strong><\/p>\n<p class=\"txt\">De este modo, la organizaci\u00f3n pretende exponer su descontento y realizar \u00abuna llamada de atenci\u00f3n\u00bb a quienes ponen al colectivo \u00ablas cosas f\u00e1ciles\u00bb.<\/p>\n<p class=\"txt\">\u00abQueremos se\u00f1alar que nos parece una situaci\u00f3n dram\u00e1tica que desde XEGA nos veamos en la obligaci\u00f3n de otorgar este premio a\u00a0<strong>las dos direcciones generales con las que deber\u00edamos colaborar m\u00e1s estrechamente<\/strong>\u00a0en la eliminaci\u00f3n de las diferentes formas de violencia patriarcal\u00bb, dicen.<\/p>\n<p class=\"txt\">Al respecto, inciden en que la decisi\u00f3n est\u00e1 motivada \u00abpor el retraso constante en la elaboraci\u00f3n de una Ley LGTBIA+ asturiana, la falta -y negativa- a elaborar un protocolo espec\u00edfico contra el acoso escolar LGTBIAf\u00f3bico, los problemas a la hora de atender a personas trans en los Centros de crisis de violencias sexuales, la carga medi\u00e1tica contra materiales educativos elaborados por el Consejo de la Juventud del Principado de Asturias o<strong>\u00a0la difusi\u00f3n de bulos y de noticias malintencionadas<\/strong>, que han proyectado socialmente al colectivo LGTBIA+ y especialmente a las personas trans como un enemigo social\u00bb.<\/p>\n<p class=\"txt\">\u00abRechazamos todas estas situaciones y esperamos que ambas Direcciones colaboren con XEGA y otras asociaciones LGTBIA+ de Asturias para la construcci\u00f3n de un mundo igualitario\u00bb, se\u00f1alan.<\/p>\n<p class=\"txt\">Por otro lado, han concedido el &#8216;Premio Tri\u00e1ngulo&#8217;, como s\u00edmbolo de la lucha por la visibilizaci\u00f3n de la diversidad en diferentes \u00e1mbitos, el tes\u00f3n, el esfuerzo y el trabajo riguroso, al Proyecto Arco\u00edris del IES N\u00famero 1 de Gij\u00f3n. As\u00ed, reconocen su labor constante para \u00abtransformar los espacios educativos en lugares seguros para las juventudes LGTBIA+\u00bb<\/p>\n<p class=\"txt\">\u00abEsta iniciativa promueve la formaci\u00f3n de profesorado y alumnado con distintas iniciativas y proyectos algo que, dicho sea, no solo favorece la inclusi\u00f3n de la diversidad, sino que transforma el ambiente escolar en su conjunto promoviendo valores como la igualdad, el pensamiento cr\u00edtico y el respeto a los derechos humanos. Reconocemos, por lo tanto, la labor del equipo directivo y docente que lo llevan a cabo d\u00eda a d\u00eda y tambi\u00e9n al alumnado que forma parte de este proyecto\u00bb, apuntan.<\/p>\n<ul>\n<li>\n<p class=\"txt\">Igualmente, dan un reconocimiento especial a Isidro y Baldomero, \u00abla pareja de ganaderos leoneses que se vieron obligados a iniciar una marcha para denunciar la LGTBIfobia que estaban recibiendo de una parte de sus vecinos a trav\u00e9s de insultos, discriminaci\u00f3n y violencias relativas al uso de pastos, lo que debe ser entendido como violencia econ\u00f3mica\u00bb.<\/p>\n<p class=\"txt\">\u00abLas vidas de Isidro y Baldomero al igual que muchas de las personas LGTBIA+ no deben estar sometidas a estas formas de discriminaci\u00f3n, las cuales deben ser tenidas en cuenta y sancionadas por parte de la Administraci\u00f3n p\u00fablica. Queremos desde aqu\u00ed mostrarles nuestro apoyo m\u00e1s sincero\u00bb, concluyen, seg\u00fan recogi\u00f3 Europa Press.<\/p>\n<\/li>\n<\/ul>\n<p>&nbsp;<\/p>\n","protected":false},"excerpt":{"rendered":"<p>\u00abLadrillo\u00bb de XEGA al Principado por el retraso de la Ley Trans asturiana. Fuente: La Voz de Asturias La organizaci\u00f3n da el premio positivo a al Proyecto Arcoiris de un instituto de Gij\u00f3n y a la pareja de ganaderos que denunci\u00f3 homofobia en Le\u00f3n &nbsp;<\/p>\n","protected":false},"author":117,"featured_media":0,"comment_status":"open","ping_status":"open","sticky":false,"template":"","format":"standard","meta":{"footnotes":""},"categories":[4],"tags":[],"class_list":["post-75","post","type-post","status-publish","format-standard","hentry","category-xega"],"_links":{"self":[{"href":"https:\/\/edublog.educastur.es\/edulgtbi\/wp-json\/wp\/v2\/posts\/75","targetHints":{"allow":["GET"]}}],"collection":[{"href":"https:\/\/edublog.educastur.es\/edulgtbi\/wp-json\/wp\/v2\/posts"}],"about":[{"href":"https:\/\/edublog.educastur.es\/edulgtbi\/wp-json\/wp\/v2\/types\/post"}],"author":[{"embeddable":true,"href":"https:\/\/edublog.educastur.es\/edulgtbi\/wp-json\/wp\/v2\/users\/117"}],"replies":[{"embeddable":true,"href":"https:\/\/edublog.educastur.es\/edulgtbi\/wp-json\/wp\/v2\/comments?post=75"}],"version-history":[{"count":4,"href":"https:\/\/edublog.educastur.es\/edulgtbi\/wp-json\/wp\/v2\/posts\/75\/revisions"}],"predecessor-version":[{"id":501,"href":"https:\/\/edublog.educastur.es\/edulgtbi\/wp-json\/wp\/v2\/posts\/75\/revisions\/501"}],"wp:attachment":[{"href":"https:\/\/edublog.educastur.es\/edulgtbi\/wp-json\/wp\/v2\/media?parent=75"}],"wp:term":[{"taxonomy":"category","embeddable":true,"href":"https:\/\/edublog.educastur.es\/edulgtbi\/wp-json\/wp\/v2\/categories?post=75"},{"taxonomy":"post_tag","embeddable":true,"href":"https:\/\/edublog.educastur.es\/edulgtbi\/wp-json\/wp\/v2\/tags?post=75"}],"curies":[{"name":"wp","href":"https:\/\/api.w.org\/{rel}","templated":true}]}}