{"id":1107,"date":"2024-05-16T11:40:53","date_gmt":"2024-05-16T11:40:53","guid":{"rendered":"https:\/\/edublog.educastur.es\/el1recicla\/?p=1107"},"modified":"2024-05-16T11:40:53","modified_gmt":"2024-05-16T11:40:53","slug":"analisis-del-consumo-energetico-del-ies-numero-1","status":"publish","type":"post","link":"https:\/\/edublog.educastur.es\/el1recicla\/2024\/05\/16\/analisis-del-consumo-energetico-del-ies-numero-1\/","title":{"rendered":"An\u00e1lisis del consumo energ\u00e9tico del IES N\u00famero 1"},"content":{"rendered":"<p>Este es el proyecto fin de ciclo que est\u00e1 preparando una alumna del CFGS Qu\u00edmica y Salud Ambiental. Recopilando informaci\u00f3n de todos los consumos energ\u00e9ticos del IES se plantea medidas de optimizaci\u00f3n<\/p>\n","protected":false},"excerpt":{"rendered":"<p>Este es el proyecto fin de ciclo que est\u00e1 preparando una alumna del CFGS Qu\u00edmica y Salud Ambiental. Recopilando informaci\u00f3n de todos los consumos energ\u00e9ticos del IES se plantea medidas de optimizaci\u00f3n<\/p>\n","protected":false},"author":3213,"featured_media":0,"comment_status":"open","ping_status":"open","sticky":false,"template":"","format":"standard","meta":{"footnotes":""},"categories":[121,54],"tags":[122],"class_list":["post-1107","post","type-post","status-publish","format-standard","hentry","category-educacion-ambiental","category-reducir","tag-consumo-energetico"],"_links":{"self":[{"href":"https:\/\/edublog.educastur.es\/el1recicla\/wp-json\/wp\/v2\/posts\/1107","targetHints":{"allow":["GET"]}}],"collection":[{"href":"https:\/\/edublog.educastur.es\/el1recicla\/wp-json\/wp\/v2\/posts"}],"about":[{"href":"https:\/\/edublog.educastur.es\/el1recicla\/wp-json\/wp\/v2\/types\/post"}],"author":[{"embeddable":true,"href":"https:\/\/edublog.educastur.es\/el1recicla\/wp-json\/wp\/v2\/users\/3213"}],"replies":[{"embeddable":true,"href":"https:\/\/edublog.educastur.es\/el1recicla\/wp-json\/wp\/v2\/comments?post=1107"}],"version-history":[{"count":1,"href":"https:\/\/edublog.educastur.es\/el1recicla\/wp-json\/wp\/v2\/posts\/1107\/revisions"}],"predecessor-version":[{"id":1108,"href":"https:\/\/edublog.educastur.es\/el1recicla\/wp-json\/wp\/v2\/posts\/1107\/revisions\/1108"}],"wp:attachment":[{"href":"https:\/\/edublog.educastur.es\/el1recicla\/wp-json\/wp\/v2\/media?parent=1107"}],"wp:term":[{"taxonomy":"category","embeddable":true,"href":"https:\/\/edublog.educastur.es\/el1recicla\/wp-json\/wp\/v2\/categories?post=1107"},{"taxonomy":"post_tag","embeddable":true,"href":"https:\/\/edublog.educastur.es\/el1recicla\/wp-json\/wp\/v2\/tags?post=1107"}],"curies":[{"name":"wp","href":"https:\/\/api.w.org\/{rel}","templated":true}]}}