{"id":788,"date":"2024-04-21T19:37:35","date_gmt":"2024-04-21T19:37:35","guid":{"rendered":"https:\/\/edublog.educastur.es\/el1recicla\/?p=788"},"modified":"2024-04-26T15:11:19","modified_gmt":"2024-04-26T15:11:19","slug":"reutiliza","status":"publish","type":"post","link":"https:\/\/edublog.educastur.es\/el1recicla\/2024\/04\/21\/reutiliza\/","title":{"rendered":"REUTILIZA"},"content":{"rendered":"<div class=\"page\" title=\"Page 3\">\n<div class=\"layoutArea\">\n<div class=\"column\">\n<p><strong>TALLER DE DECORACI\u00d3N DE BOLSAS<\/strong><\/p>\n<p><img loading=\"lazy\" decoding=\"async\" class=\"alignnone wp-image-127 size-full\" src=\"http:\/\/edublog.educastur.es\/el1recicla\/files\/2023\/04\/Captura25.png\" alt=\"\" width=\"801\" height=\"806\" srcset=\"https:\/\/edublog.educastur.es\/el1recicla\/files\/2023\/04\/Captura25.png 801w, https:\/\/edublog.educastur.es\/el1recicla\/files\/2023\/04\/Captura25-298x300.png 298w, https:\/\/edublog.educastur.es\/el1recicla\/files\/2023\/04\/Captura25-150x150.png 150w, https:\/\/edublog.educastur.es\/el1recicla\/files\/2023\/04\/Captura25-768x773.png 768w, https:\/\/edublog.educastur.es\/el1recicla\/files\/2023\/04\/Captura25-75x75.png 75w\" sizes=\"auto, (max-width: 801px) 100vw, 801px\" \/><img loading=\"lazy\" decoding=\"async\" class=\"alignnone wp-image-247 \" src=\"http:\/\/edublog.educastur.es\/el1recicla\/files\/2023\/04\/Captura20.png\" alt=\"\" width=\"412\" height=\"255\" srcset=\"https:\/\/edublog.educastur.es\/el1recicla\/files\/2023\/04\/Captura20.png 881w, https:\/\/edublog.educastur.es\/el1recicla\/files\/2023\/04\/Captura20-300x186.png 300w, https:\/\/edublog.educastur.es\/el1recicla\/files\/2023\/04\/Captura20-768x475.png 768w\" sizes=\"auto, (max-width: 412px) 100vw, 412px\" \/><\/p>\n<\/div>\n<p><strong>PORTABOCADILLOS (EN COLABORACI\u00d3N CON EL DEPARTAMENTO DE TEXTIL, MODA Y PIEL)<\/strong><\/p>\n<\/div>\n<\/div>\n<div class=\"page\" title=\"Page 3\">\n<div class=\"layoutArea\">\n<p><img loading=\"lazy\" decoding=\"async\" class=\"alignnone wp-image-245 size-full\" src=\"http:\/\/edublog.educastur.es\/el1recicla\/files\/2023\/04\/10.png\" alt=\"\" width=\"867\" height=\"693\" srcset=\"https:\/\/edublog.educastur.es\/el1recicla\/files\/2023\/04\/10.png 867w, https:\/\/edublog.educastur.es\/el1recicla\/files\/2023\/04\/10-300x240.png 300w, https:\/\/edublog.educastur.es\/el1recicla\/files\/2023\/04\/10-768x614.png 768w\" sizes=\"auto, (max-width: 867px) 100vw, 867px\" \/><img loading=\"lazy\" decoding=\"async\" class=\"alignnone wp-image-266 size-full\" src=\"http:\/\/edublog.educastur.es\/el1recicla\/files\/2023\/04\/21.png\" alt=\"\" width=\"918\" height=\"433\" srcset=\"https:\/\/edublog.educastur.es\/el1recicla\/files\/2023\/04\/21.png 918w, https:\/\/edublog.educastur.es\/el1recicla\/files\/2023\/04\/21-300x142.png 300w, https:\/\/edublog.educastur.es\/el1recicla\/files\/2023\/04\/21-768x362.png 768w\" sizes=\"auto, (max-width: 918px) 100vw, 918px\" \/><\/p>\n<p>El departamento de Textil, Moda y Piel est\u00e1 desarrollando m\u00e1s actividades para concienciar al alumnado de\u00a0\u00a0<strong>DARLE UNA NUEVA VIDA A<\/strong><strong>\u00a0SUS PRENDAS.<\/strong><\/p>\n<p><img decoding=\"async\" src=\"https:\/\/attachments.office.net\/owa\/lorenael%40educastur.org\/service.svc\/s\/GetAttachmentThumbnail?id=AAMkADhhMTRkY2Q5LTA3MjUtNDUzYy05ZDBmLTUxNzNlYjJhZDAyMwBGAAAAAADllA2GB0s5TaOjiMNTJCi%2FBwAqbz8r0erVSpB9Q%2BicZl9xAAAAAAEMAAAqbz8r0erVSpB9Q%2BicZl9xAAfzK5WWAAABEgAQALOlQX1SyLxHizKgUnW1cTk%3D&amp;thumbnailType=2&amp;token=eyJhbGciOiJSUzI1NiIsImtpZCI6IkU1RDJGMEY4REE5M0I2NzA5QzQzQTlFOEE2MTQzQzAzRDYyRjlBODAiLCJ0eXAiOiJKV1QiLCJ4NXQiOiI1ZEx3LU5xVHRuQ2NRNm5vcGhROEE5WXZtb0EifQ.eyJvcmlnaW4iOiJodHRwczovL291dGxvb2sub2ZmaWNlLmNvbSIsInVjIjoiMzU4MTUzNGNiYmY3NGEzOGFkZDg1MmNiNzRkZmYyZTAiLCJ2ZXIiOiJFeGNoYW5nZS5DYWxsYmFjay5WMSIsImFwcGN0eHNlbmRlciI6Ik93YURvd25sb2FkQDg4YTM2ZTNiLWQ3OWYtNGEyYi04ZGI2LTRjMDZkMDk3MzgyMSIsImlzc3JpbmciOiJXVyIsImFwcGN0eCI6IntcIm1zZXhjaHByb3RcIjpcIm93YVwiLFwicHVpZFwiOlwiMTE1MzgzNjI5NjQxNDY5ODM0NVwiLFwic2NvcGVcIjpcIk93YURvd25sb2FkXCIsXCJvaWRcIjpcIjM0ODU0ZDc0LWVjM2ItNGVhMC1iZTc0LWUzMGU1NmJiZjFhOVwiLFwicHJpbWFyeXNpZFwiOlwiUy0xLTUtMjEtMTI2MDIwNTM2Ny0xMjQyNTkwMTM4LTMwNTUxNDM1OS0xNjYyNTg4XCJ9IiwibmJmIjoxNzE0MTQ0MDkxLCJleHAiOjE3MTQxNDQzOTEsImlzcyI6IjAwMDAwMDAyLTAwMDAtMGZmMS1jZTAwLTAwMDAwMDAwMDAwMEA4OGEzNmUzYi1kNzlmLTRhMmItOGRiNi00YzA2ZDA5NzM4MjEiLCJhdWQiOiIwMDAwMDAwMi0wMDAwLTBmZjEtY2UwMC0wMDAwMDAwMDAwMDAvYXR0YWNobWVudHMub2ZmaWNlLm5ldEA4OGEzNmUzYi1kNzlmLTRhMmItOGRiNi00YzA2ZDA5NzM4MjEiLCJoYXBwIjoib3dhIn0.aw4FZxumim1NQ0L00cc36W-J1gfTRr40fCORS7BKhKTo3eUMu1k9Ep1kYk7km6MAlz5POvtwk4kFumKbWiZgQHwQXIKN1FzT_pr00Yep-bcg-pZRL3F6GG3--QTkKblRi1NhOuaia2C3SMRPKvRS9wP-XQjPo4nEQPLmJaQk5cJI5xg2pqUj2f66QRTEYu7Rl2VS5BocWAyd8lnb-bCLg49icRERsmN83DawgL4pj7k5i6KsISCeOp46wJuK4rO-HOO_pFxb66Rixkd3wwlxXDFqXIBIIi8cfwis74RrOgyxZWLD_F0C84wQ4OP4_doLS0yoiHOP8wcAnNXlx2jokw&amp;X-OWA-CANARY=bdvoV6lqIZ0AAAAAAAAAAGCcDscCZtwYw0TRQJ2Jmix-xfL-iwLUn4FuOfzzahGWBr_Ce9W2t2s.&amp;owa=outlook.office.com&amp;scriptVer=20240412005.13&amp;clientId=F624A636D79849E099DEFC8ADBCD3BB9&amp;animation=true\" alt=\"Vista previa de imagen\" \/><\/p>\n<p><img loading=\"lazy\" decoding=\"async\" class=\" wp-image-56 alignleft\" src=\"http:\/\/edublog.educastur.es\/el1recicla\/files\/2023\/02\/IMG_5764-copia-225x300.jpg\" alt=\"\" width=\"147\" height=\"196\" \/><\/p>\n<p>&nbsp;<\/p>\n<p><img loading=\"lazy\" decoding=\"async\" class=\"wp-image-453 alignleft\" src=\"http:\/\/edublog.educastur.es\/el1recicla\/files\/2023\/04\/taller.jpg\" alt=\"\" width=\"227\" height=\"294\" \/><\/p>\n<\/div>\n<\/div>\n","protected":false},"excerpt":{"rendered":"<p>TALLER DE DECORACI\u00d3N DE BOLSAS PORTABOCADILLOS (EN COLABORACI\u00d3N CON EL DEPARTAMENTO DE TEXTIL, MODA Y PIEL) El departamento de Textil, Moda y Piel est\u00e1 desarrollando m\u00e1s actividades para concienciar al alumnado de\u00a0\u00a0DARLE UNA NUEVA VIDA A\u00a0SUS PRENDAS. &nbsp;<\/p>\n","protected":false},"author":1764,"featured_media":0,"comment_status":"open","ping_status":"open","sticky":false,"template":"","format":"standard","meta":{"footnotes":""},"categories":[23],"tags":[],"class_list":["post-788","post","type-post","status-publish","format-standard","hentry","category-reutiliza"],"_links":{"self":[{"href":"https:\/\/edublog.educastur.es\/el1recicla\/wp-json\/wp\/v2\/posts\/788","targetHints":{"allow":["GET"]}}],"collection":[{"href":"https:\/\/edublog.educastur.es\/el1recicla\/wp-json\/wp\/v2\/posts"}],"about":[{"href":"https:\/\/edublog.educastur.es\/el1recicla\/wp-json\/wp\/v2\/types\/post"}],"author":[{"embeddable":true,"href":"https:\/\/edublog.educastur.es\/el1recicla\/wp-json\/wp\/v2\/users\/1764"}],"replies":[{"embeddable":true,"href":"https:\/\/edublog.educastur.es\/el1recicla\/wp-json\/wp\/v2\/comments?post=788"}],"version-history":[{"count":3,"href":"https:\/\/edublog.educastur.es\/el1recicla\/wp-json\/wp\/v2\/posts\/788\/revisions"}],"predecessor-version":[{"id":894,"href":"https:\/\/edublog.educastur.es\/el1recicla\/wp-json\/wp\/v2\/posts\/788\/revisions\/894"}],"wp:attachment":[{"href":"https:\/\/edublog.educastur.es\/el1recicla\/wp-json\/wp\/v2\/media?parent=788"}],"wp:term":[{"taxonomy":"category","embeddable":true,"href":"https:\/\/edublog.educastur.es\/el1recicla\/wp-json\/wp\/v2\/categories?post=788"},{"taxonomy":"post_tag","embeddable":true,"href":"https:\/\/edublog.educastur.es\/el1recicla\/wp-json\/wp\/v2\/tags?post=788"}],"curies":[{"name":"wp","href":"https:\/\/api.w.org\/{rel}","templated":true}]}}