{"id":790,"date":"2024-04-21T19:39:52","date_gmt":"2024-04-21T19:39:52","guid":{"rendered":"https:\/\/edublog.educastur.es\/el1recicla\/?p=790"},"modified":"2024-04-22T08:58:22","modified_gmt":"2024-04-22T08:58:22","slug":"recogida-solidaria-banco-de-alimentos","status":"publish","type":"post","link":"https:\/\/edublog.educastur.es\/el1recicla\/2024\/04\/21\/recogida-solidaria-banco-de-alimentos\/","title":{"rendered":"Recogida Solidaria Banco de Alimentos"},"content":{"rendered":"<h2>Recogida Solidaria Banco de Alimentos<\/h2>\n<div class=\"info\">\n<div class=\"content\">\n<p>Nos informan desde Banco de Alimentos de Asturias que en la recogida solidaria que se hizo en diciembre en nuestro IES, se donaron 96 Kg.<\/p>\n<p>Tanto los beneficiarios de la donaci\u00f3n como los voluntarios de la entidad quieren agradecernos nuestra colaboraci\u00f3n, inter\u00e9s y solidaridad.<\/p>\n<div class=\"portlet-msg-info\">Sin duda seguiremos colaborando y en la pr\u00f3xima recogida \u00a1\u00a1 a por los 100Kg!!<\/div>\n<div><img decoding=\"async\" src=\"https:\/\/alojaweb.educastur.es\/documents\/2281142\/11948303\/IMG20231212133645_ALEJANDRA+RIOPEDRE+C.jpg\/0c7d3daf-db1b-4eb7-82dd-7b65ab29399e?t=1705389037683\" \/><\/div>\n<\/div>\n<\/div>\n","protected":false},"excerpt":{"rendered":"<p>Recogida Solidaria Banco de Alimentos Nos informan desde Banco de Alimentos de Asturias que en la recogida solidaria que se hizo en diciembre en nuestro IES, se donaron 96 Kg. Tanto los beneficiarios de la donaci\u00f3n como los voluntarios de [&hellip;]<\/p>\n","protected":false},"author":1764,"featured_media":0,"comment_status":"open","ping_status":"open","sticky":false,"template":"","format":"standard","meta":{"footnotes":""},"categories":[],"tags":[108],"class_list":["post-790","post","type-post","status-publish","format-standard","hentry","tag-recogida-solidaria-banco-de-alimentos"],"_links":{"self":[{"href":"https:\/\/edublog.educastur.es\/el1recicla\/wp-json\/wp\/v2\/posts\/790","targetHints":{"allow":["GET"]}}],"collection":[{"href":"https:\/\/edublog.educastur.es\/el1recicla\/wp-json\/wp\/v2\/posts"}],"about":[{"href":"https:\/\/edublog.educastur.es\/el1recicla\/wp-json\/wp\/v2\/types\/post"}],"author":[{"embeddable":true,"href":"https:\/\/edublog.educastur.es\/el1recicla\/wp-json\/wp\/v2\/users\/1764"}],"replies":[{"embeddable":true,"href":"https:\/\/edublog.educastur.es\/el1recicla\/wp-json\/wp\/v2\/comments?post=790"}],"version-history":[{"count":1,"href":"https:\/\/edublog.educastur.es\/el1recicla\/wp-json\/wp\/v2\/posts\/790\/revisions"}],"predecessor-version":[{"id":791,"href":"https:\/\/edublog.educastur.es\/el1recicla\/wp-json\/wp\/v2\/posts\/790\/revisions\/791"}],"wp:attachment":[{"href":"https:\/\/edublog.educastur.es\/el1recicla\/wp-json\/wp\/v2\/media?parent=790"}],"wp:term":[{"taxonomy":"category","embeddable":true,"href":"https:\/\/edublog.educastur.es\/el1recicla\/wp-json\/wp\/v2\/categories?post=790"},{"taxonomy":"post_tag","embeddable":true,"href":"https:\/\/edublog.educastur.es\/el1recicla\/wp-json\/wp\/v2\/tags?post=790"}],"curies":[{"name":"wp","href":"https:\/\/api.w.org\/{rel}","templated":true}]}}