{"id":798,"date":"2024-04-21T19:46:35","date_gmt":"2024-04-21T19:46:35","guid":{"rendered":"https:\/\/edublog.educastur.es\/el1recicla\/?p=798"},"modified":"2024-04-26T15:12:52","modified_gmt":"2024-04-26T15:12:52","slug":"asistimos-a-los-seminarios-de-inaguracion","status":"publish","type":"post","link":"https:\/\/edublog.educastur.es\/el1recicla\/2024\/04\/21\/asistimos-a-los-seminarios-de-inaguracion\/","title":{"rendered":"ASISTIMOS A LOS SEMINARIOS DE INAGURACI\u00d3N"},"content":{"rendered":"<p><strong>ASISTIMOS A LOS SEMINARIOS DE INAGURACI\u00d3N. MUCHAS GRACIAS POR LA INVITACI\u00d3N<\/strong><\/p>\n<p><img loading=\"lazy\" decoding=\"async\" class=\"alignleft wp-image-28 size-full\" src=\"http:\/\/edublog.educastur.es\/el1recicla\/files\/2022\/11\/IMG_8573-scaled.jpg\" alt=\"\" width=\"2560\" height=\"1920\" srcset=\"https:\/\/edublog.educastur.es\/el1recicla\/files\/2022\/11\/IMG_8573-scaled.jpg 2560w, https:\/\/edublog.educastur.es\/el1recicla\/files\/2022\/11\/IMG_8573-300x225.jpg 300w, https:\/\/edublog.educastur.es\/el1recicla\/files\/2022\/11\/IMG_8573-1024x768.jpg 1024w, https:\/\/edublog.educastur.es\/el1recicla\/files\/2022\/11\/IMG_8573-768x576.jpg 768w, https:\/\/edublog.educastur.es\/el1recicla\/files\/2022\/11\/IMG_8573-1536x1152.jpg 1536w, https:\/\/edublog.educastur.es\/el1recicla\/files\/2022\/11\/IMG_8573-2048x1536.jpg 2048w, https:\/\/edublog.educastur.es\/el1recicla\/files\/2022\/11\/IMG_8573-1080x810.jpg 1080w\" sizes=\"auto, (max-width: 2560px) 100vw, 2560px\" \/><img loading=\"lazy\" decoding=\"async\" class=\"alignleft wp-image-661 size-full\" src=\"http:\/\/edublog.educastur.es\/el1recicla\/files\/2024\/04\/IMG-20230424-WA0017.jpg\" alt=\"\" width=\"502\" height=\"377\" srcset=\"https:\/\/edublog.educastur.es\/el1recicla\/files\/2024\/04\/IMG-20230424-WA0017.jpg 502w, https:\/\/edublog.educastur.es\/el1recicla\/files\/2024\/04\/IMG-20230424-WA0017-300x225.jpg 300w\" sizes=\"auto, (max-width: 502px) 100vw, 502px\" \/><\/p>\n<p><img loading=\"lazy\" decoding=\"async\" class=\"alignleft wp-image-11 size-full\" src=\"http:\/\/edublog.educastur.es\/el1recicla\/files\/2022\/10\/24823394.jpg\" alt=\"\" width=\"1024\" height=\"768\" srcset=\"https:\/\/edublog.educastur.es\/el1recicla\/files\/2022\/10\/24823394.jpg 1024w, https:\/\/edublog.educastur.es\/el1recicla\/files\/2022\/10\/24823394-768x576.jpg 768w\" sizes=\"auto, (max-width: 1024px) 100vw, 1024px\" \/><\/p>\n<p>&nbsp;<\/p>\n<p><img loading=\"lazy\" decoding=\"async\" class=\"wp-image-563 alignleft\" src=\"http:\/\/edublog.educastur.es\/el1recicla\/files\/2024\/03\/24-300x265.png\" alt=\"\" width=\"155\" height=\"137\" srcset=\"https:\/\/edublog.educastur.es\/el1recicla\/files\/2024\/03\/24-300x265.png 300w, https:\/\/edublog.educastur.es\/el1recicla\/files\/2024\/03\/24.png 678w\" sizes=\"auto, (max-width: 155px) 100vw, 155px\" \/><\/p>\n<p>Los miembros de la comunidad educativa del<strong>\u00a0IES N<\/strong><strong>\u00famero 1<\/strong>\u00a0de\u00a0<strong>Gij\u00f3n\u00a0<\/strong>te damos la bienvenida a este BLOG mediante el cual nos proponemos ofrecer informaci\u00f3n y recursos relacionados con nuestro centro en relaci\u00f3n a proyectos y actividades sobre<\/p>\n<p>&nbsp;<\/p>\n<p>&nbsp;<\/p>\n<p><strong>EL MEDIO<\/strong><strong>\u00a0AMBIEN<\/strong><strong>TE Y LA SOSTENIBI<\/strong><strong>LIDAD<\/strong><\/p>\n<p>Somos una comunidad educativa de un centro urbano, perteneciente a un barrio gijon\u00e9s muy vivo y con unas caracter\u00edsticas bien definidas, ese es nuestro entorno, el que nuestro alumnado conoce y recorre cada d\u00eda, y ese fue nuestro punto de partida.<\/p>\n<p>Convertimos a los alumnos y alumnas en ciudadanos, les ofrecimos la oportunidad de conocer y poner en valor su ciudad, d\u00e1ndoles herramientas para ponerse manos a la obra en el empe\u00f1o de una ciudad sostenible, acorde con los objetivos de la Agenda 2030.<\/p>\n<p><strong>El IES N\u00famero 1\u00a0<\/strong>se caracteriza por su heterogeneidad; cuenta con gran n\u00famero de alumnado ya que aloja estudios de Secundaria, Bachillerato, seis familias profesionales de ciclos de Formaci\u00f3n Profesional, presencial y a distancia y en reg\u00edmenes\u00a0diurno y vespertino distribuidos en casi 80 grupos.<\/p>\n<p>Cuenta con una larga tradici\u00f3n en cuanto a participaci\u00f3n en programas institucionales, lo que ha fomentado el h\u00e1bito de promover\u00a0\u00a0la innovaci\u00f3n y los grupos de trabajo como modelo de formaci\u00f3n del profesorado.<\/p>\n<p><img loading=\"lazy\" decoding=\"async\" class=\"wp-image-567 alignright\" src=\"http:\/\/edublog.educastur.es\/el1recicla\/files\/2024\/03\/odsN1-300x300.png\" alt=\"\" width=\"127\" height=\"127\" \/><strong>Los Objetivos d<\/strong><strong>e Desarrollo Sostenible y la Agenda 2030 son nuestro punto de partida en este proyecto.<\/strong><\/p>\n<p>Desde las distintas materias abordamos este tema\u00a0, como el caso de\u00a0<strong>Biolog\u00eda y Geolog\u00eda<\/strong>, que tiene un papel destacado al contribuir al logro de varios Objetivos de Desarrollo Sostenible (ODS) marcados en la Agenda 2030, como son \u00abHambre cero\u00bb, \u00abSalud y bienestar\u00bb, \u00abIgualdad de g\u00e9nero\u00bb, \u00abAgua limpia y saneamiento\u00bb, \u00abEnerg\u00eda asequible y no contaminante\u00bb, \u00abCiudades y comunidades sostenibles\u00bb, \u00abProducci\u00f3n y consumo responsables\u00bb, \u00abAcci\u00f3n por el clima\u00bb, \u00abVida submarina\u00bb y \u00abVida de ecosistemas terrestres\u00bb.<\/p>\n<p>En\u00a0<strong>Educaci\u00f3n F\u00edsica<\/strong>\u00a0se recomienda apostar por una did\u00e1ctica alineada con los retos del siglo XXI y los Objetivos de Desarrollo Sostenible de la Agenda2030.<\/p>\n<p>Tambi\u00e9n se menciona en\u00a0<strong>Educaci\u00f3n Pl\u00e1stica y Visual<\/strong>, recomendando promover una reflexi\u00f3n \u00e9tica sobre las problem\u00e1ticas sociales actuales que nos rodean y comprometi\u00e9ndose con la sostenibilidad y con la Agenda 2030.<\/p>\n<p>Se menciona en\u00a0<strong>Geograf\u00eda e Historia\u00a0<\/strong>utilizando herramientas\u00a0 para la consecuci\u00f3n de dichos objetivos.<\/p>\n<p>Y en las\u00a0<strong>disciplinas ling\u00fc\u00edsticas<\/strong>\u00a0han de estar en consonancia con el Objetivo de Desarrollo Sostenible.<\/p>\n<p><strong>\u00abGarantizar una educaci\u00f3n inclusiva, equitativa y de calidad y promover oportunidades de aprendizaje durante toda la vida para todos\u00bb).\u00a0<\/strong><\/p>\n<p><strong>IES N1 RECICLA<\/strong><\/p>\n","protected":false},"excerpt":{"rendered":"<p>ASISTIMOS A LOS SEMINARIOS DE INAGURACI\u00d3N. MUCHAS GRACIAS POR LA INVITACI\u00d3N &nbsp; Los miembros de la comunidad educativa del\u00a0IES N\u00famero 1\u00a0de\u00a0Gij\u00f3n\u00a0te damos la bienvenida a este BLOG mediante el cual nos proponemos ofrecer informaci\u00f3n y recursos relacionados con nuestro centro [&hellip;]<\/p>\n","protected":false},"author":1764,"featured_media":0,"comment_status":"open","ping_status":"open","sticky":false,"template":"","format":"standard","meta":{"footnotes":""},"categories":[],"tags":[118],"class_list":["post-798","post","type-post","status-publish","format-standard","hentry","tag-asistimos-a-los-seminarios-de-inaguracion"],"_links":{"self":[{"href":"https:\/\/edublog.educastur.es\/el1recicla\/wp-json\/wp\/v2\/posts\/798","targetHints":{"allow":["GET"]}}],"collection":[{"href":"https:\/\/edublog.educastur.es\/el1recicla\/wp-json\/wp\/v2\/posts"}],"about":[{"href":"https:\/\/edublog.educastur.es\/el1recicla\/wp-json\/wp\/v2\/types\/post"}],"author":[{"embeddable":true,"href":"https:\/\/edublog.educastur.es\/el1recicla\/wp-json\/wp\/v2\/users\/1764"}],"replies":[{"embeddable":true,"href":"https:\/\/edublog.educastur.es\/el1recicla\/wp-json\/wp\/v2\/comments?post=798"}],"version-history":[{"count":3,"href":"https:\/\/edublog.educastur.es\/el1recicla\/wp-json\/wp\/v2\/posts\/798\/revisions"}],"predecessor-version":[{"id":896,"href":"https:\/\/edublog.educastur.es\/el1recicla\/wp-json\/wp\/v2\/posts\/798\/revisions\/896"}],"wp:attachment":[{"href":"https:\/\/edublog.educastur.es\/el1recicla\/wp-json\/wp\/v2\/media?parent=798"}],"wp:term":[{"taxonomy":"category","embeddable":true,"href":"https:\/\/edublog.educastur.es\/el1recicla\/wp-json\/wp\/v2\/categories?post=798"},{"taxonomy":"post_tag","embeddable":true,"href":"https:\/\/edublog.educastur.es\/el1recicla\/wp-json\/wp\/v2\/tags?post=798"}],"curies":[{"name":"wp","href":"https:\/\/api.w.org\/{rel}","templated":true}]}}