{"id":805,"date":"2024-04-21T19:53:27","date_gmt":"2024-04-21T19:53:27","guid":{"rendered":"https:\/\/edublog.educastur.es\/el1recicla\/?p=805"},"modified":"2024-04-21T19:53:27","modified_gmt":"2024-04-21T19:53:27","slug":"visitamos-una-estacion-de-medicion-de-calidad-del-aire","status":"publish","type":"post","link":"https:\/\/edublog.educastur.es\/el1recicla\/2024\/04\/21\/visitamos-una-estacion-de-medicion-de-calidad-del-aire\/","title":{"rendered":"Visitamos una estaci\u00f3n de medici\u00f3n de calidad del aire"},"content":{"rendered":"<h2>Visitamos una estaci\u00f3n de medici\u00f3n de calidad del aire<\/h2>\n<div class=\"info\">\n<div class=\"content\">\n<p>El alumnado de 2\u00ba curso del ciclo Qu\u00edmica y Salud Ambiental ha visitado una estaci\u00f3n de medici\u00f3n de calidad del aire situada en la Avenida de la Constituci\u00f3n. Para ello ha contado con la experiencia y conocimientos de Antonio Doni, principal responsable de la calidad del aire en el Principado Asturias, que les ha explicado el funcionamiento de cada estaci\u00f3n y de la Red de Control de la Calidad del Aire de nuestra regi\u00f3n.<\/p>\n<\/div>\n<\/div>\n<p><img loading=\"lazy\" decoding=\"async\" class=\"\" src=\"https:\/\/alojaweb.educastur.es\/documents\/2281142\/12039626\/IMG_20240219_101448103_HDR_ELENA+SANCHEZ+FERRER.jpg\/80d5c466-0c99-4004-a7a2-5a10e5963b1f?t=1708354789403\" width=\"585\" height=\"441\" \/><\/p>\n","protected":false},"excerpt":{"rendered":"<p>Visitamos una estaci\u00f3n de medici\u00f3n de calidad del aire El alumnado de 2\u00ba curso del ciclo Qu\u00edmica y Salud Ambiental ha visitado una estaci\u00f3n de medici\u00f3n de calidad del aire situada en la Avenida de la Constituci\u00f3n. Para ello ha [&hellip;]<\/p>\n","protected":false},"author":1764,"featured_media":0,"comment_status":"open","ping_status":"open","sticky":false,"template":"","format":"standard","meta":{"footnotes":""},"categories":[],"tags":[117],"class_list":["post-805","post","type-post","status-publish","format-standard","hentry","tag-visitamos-una-estacion-de-medicion-de-calidad-del-aire"],"_links":{"self":[{"href":"https:\/\/edublog.educastur.es\/el1recicla\/wp-json\/wp\/v2\/posts\/805","targetHints":{"allow":["GET"]}}],"collection":[{"href":"https:\/\/edublog.educastur.es\/el1recicla\/wp-json\/wp\/v2\/posts"}],"about":[{"href":"https:\/\/edublog.educastur.es\/el1recicla\/wp-json\/wp\/v2\/types\/post"}],"author":[{"embeddable":true,"href":"https:\/\/edublog.educastur.es\/el1recicla\/wp-json\/wp\/v2\/users\/1764"}],"replies":[{"embeddable":true,"href":"https:\/\/edublog.educastur.es\/el1recicla\/wp-json\/wp\/v2\/comments?post=805"}],"version-history":[{"count":1,"href":"https:\/\/edublog.educastur.es\/el1recicla\/wp-json\/wp\/v2\/posts\/805\/revisions"}],"predecessor-version":[{"id":806,"href":"https:\/\/edublog.educastur.es\/el1recicla\/wp-json\/wp\/v2\/posts\/805\/revisions\/806"}],"wp:attachment":[{"href":"https:\/\/edublog.educastur.es\/el1recicla\/wp-json\/wp\/v2\/media?parent=805"}],"wp:term":[{"taxonomy":"category","embeddable":true,"href":"https:\/\/edublog.educastur.es\/el1recicla\/wp-json\/wp\/v2\/categories?post=805"},{"taxonomy":"post_tag","embeddable":true,"href":"https:\/\/edublog.educastur.es\/el1recicla\/wp-json\/wp\/v2\/tags?post=805"}],"curies":[{"name":"wp","href":"https:\/\/api.w.org\/{rel}","templated":true}]}}