{"id":809,"date":"2024-04-22T07:32:20","date_gmt":"2024-04-22T07:32:20","guid":{"rendered":"https:\/\/edublog.educastur.es\/el1recicla\/?p=809"},"modified":"2024-04-22T07:32:25","modified_gmt":"2024-04-22T07:32:25","slug":"certamen-de-cuentos-de-medio-ambiente","status":"publish","type":"post","link":"https:\/\/edublog.educastur.es\/el1recicla\/2024\/04\/22\/certamen-de-cuentos-de-medio-ambiente\/","title":{"rendered":"CERTAMEN DE CUENTOS DE MEDIO AMBIENTE"},"content":{"rendered":"<p>Como en ediciones anteriores el IES N\u00ba1 participa en el certamen de cuentos de medio ambiente, en la categor\u00eda de <strong>relato<\/strong> y tambi\u00e9n en la categor\u00eda de <strong>dibujo<\/strong>. Este a\u00f1o el tema son los INSECTOS.<\/p>\n<p>Organizado por el Ayuntamiento de Gij\u00f3n.<\/p>\n<p>&nbsp;<\/p>\n<p>&nbsp;<\/p>\n","protected":false},"excerpt":{"rendered":"<p>Como en ediciones anteriores el IES N\u00ba1 participa en el certamen de cuentos de medio ambiente, en la categor\u00eda de relato y tambi\u00e9n en la categor\u00eda de dibujo. Este a\u00f1o el tema son los INSECTOS. Organizado por el Ayuntamiento de [&hellip;]<\/p>\n","protected":false},"author":1764,"featured_media":0,"comment_status":"open","ping_status":"open","sticky":false,"template":"","format":"standard","meta":{"footnotes":""},"categories":[],"tags":[84],"class_list":["post-809","post","type-post","status-publish","format-standard","hentry","tag-certamen-de-cuentos-de-medio-ambiente"],"_links":{"self":[{"href":"https:\/\/edublog.educastur.es\/el1recicla\/wp-json\/wp\/v2\/posts\/809","targetHints":{"allow":["GET"]}}],"collection":[{"href":"https:\/\/edublog.educastur.es\/el1recicla\/wp-json\/wp\/v2\/posts"}],"about":[{"href":"https:\/\/edublog.educastur.es\/el1recicla\/wp-json\/wp\/v2\/types\/post"}],"author":[{"embeddable":true,"href":"https:\/\/edublog.educastur.es\/el1recicla\/wp-json\/wp\/v2\/users\/1764"}],"replies":[{"embeddable":true,"href":"https:\/\/edublog.educastur.es\/el1recicla\/wp-json\/wp\/v2\/comments?post=809"}],"version-history":[{"count":1,"href":"https:\/\/edublog.educastur.es\/el1recicla\/wp-json\/wp\/v2\/posts\/809\/revisions"}],"predecessor-version":[{"id":810,"href":"https:\/\/edublog.educastur.es\/el1recicla\/wp-json\/wp\/v2\/posts\/809\/revisions\/810"}],"wp:attachment":[{"href":"https:\/\/edublog.educastur.es\/el1recicla\/wp-json\/wp\/v2\/media?parent=809"}],"wp:term":[{"taxonomy":"category","embeddable":true,"href":"https:\/\/edublog.educastur.es\/el1recicla\/wp-json\/wp\/v2\/categories?post=809"},{"taxonomy":"post_tag","embeddable":true,"href":"https:\/\/edublog.educastur.es\/el1recicla\/wp-json\/wp\/v2\/tags?post=809"}],"curies":[{"name":"wp","href":"https:\/\/api.w.org\/{rel}","templated":true}]}}