{"id":818,"date":"2024-04-22T09:00:47","date_gmt":"2024-04-22T09:00:47","guid":{"rendered":"https:\/\/edublog.educastur.es\/el1recicla\/?p=818"},"modified":"2024-04-26T16:14:40","modified_gmt":"2024-04-26T16:14:40","slug":"record-rcp-2023","status":"publish","type":"post","link":"https:\/\/edublog.educastur.es\/el1recicla\/2024\/04\/22\/record-rcp-2023\/","title":{"rendered":"Record RCP 2023"},"content":{"rendered":"<h2>Record RCP 2023<\/h2>\n<div class=\"info\">\n<div class=\"content\">\n<h3>Con tus manos puedes salvar vidas<\/h3>\n<p>El IES N\u00famero 1 de Gij\u00f3n va a participar en el III R\u00e9cord de Reanimaci\u00f3n-Cardiopulmonar (RCP) simult\u00e1neo promovido por el patronato municipal de deportes de Gij\u00f3n.<\/p>\n<p><img loading=\"lazy\" decoding=\"async\" class=\"\" src=\"https:\/\/alojaweb.educastur.es\/documents\/2281142\/11610635\/RCP+Gijon+2023.png\/cd90a3e3-68c3-47ac-86ec-a591fbec8d7d?t=1696410383866\" alt=\"\" width=\"457\" height=\"257\" \/><\/p>\n<p>El alumnado recibir\u00e1 instrucciones a trav\u00e9s de sus tutores para que este evento sea un \u00e9xito\u00a0 de participaci\u00f3n y de concienciaci\u00f3n.<\/p>\n<\/div>\n<\/div>\n<h2>Reto conseguido!<\/h2>\n<h2>1402 escolares haciendo RCP presencial, m\u00e1s de 10000 online.<\/h2>\n<div class=\"info\">\n<div class=\"content\">\n<div>\n<div id=\"x_Signature\" class=\"portlet-msg-info\">\u00a0Y en el IES N\u00ba1 casi 1000 apostando por la reanimaci\u00f3n.<\/div>\n<div id=\"x_Signature\">\u00a1Sin duda sois los mejores!<\/div>\n<\/div>\n<div class=\"info\">\n<div class=\"content\">\n<div>\n<div id=\"x_Signature\"><img loading=\"lazy\" decoding=\"async\" class=\"\" src=\"https:\/\/alojaweb.educastur.es\/documents\/2281142\/11642734\/rcp3.jpg\/02d11347-1290-4e34-a965-4d5347f30d0d?t=1697536388963\" width=\"513\" height=\"342\" \/><\/div>\n<\/div>\n<p><a href=\"https:\/\/www.youtube.com\/watch?v=hbKG5Gex5uI\">https:\/\/www.youtube.com\/watch?v=hbKG5Gex5uI<\/a><\/p>\n<\/div>\n<\/div>\n<\/div>\n<\/div>\n<h2>Premios III Record RCP Simult\u00e1nea<\/h2>\n<div class=\"info\">\n<div class=\"content\">\n<p>Esta semana en el IES N\u00ba1 nos hemos llevado una gran sorpresa.<br \/>\n\u00a11\u00ba PREMIO! en modalidad online por nuestra participaci\u00f3n en el III R\u00e9cord de RCP simultaneo de Gij\u00f3n.<br \/>\nMuchas gracias PDM por valorar nuestro trabajo y gracias a todos y a todas los que hab\u00e9is participado en esta actividad.<br \/>\n\u00a1Reto super conseguido!<\/p>\n<p><img loading=\"lazy\" decoding=\"async\" class=\"\" src=\"https:\/\/alojaweb.educastur.es\/documents\/2281142\/11642734\/01RCP.jpg\/c1810bb6-07d4-45d3-841f-9cadee7237c9?t=1698400343128\" width=\"302\" height=\"278\" \/><img loading=\"lazy\" decoding=\"async\" class=\"\" src=\"https:\/\/alojaweb.educastur.es\/documents\/2281142\/11642734\/minions_ridono.gif\/56db04bf-df89-476f-ab66-bfb04c9c83e7?t=1698400643495\" alt=\"\" width=\"316\" height=\"143\" \/><\/p>\n<\/div>\n<\/div>\n","protected":false},"excerpt":{"rendered":"<p>Record RCP 2023 Con tus manos puedes salvar vidas El IES N\u00famero 1 de Gij\u00f3n va a participar en el III R\u00e9cord de Reanimaci\u00f3n-Cardiopulmonar (RCP) simult\u00e1neo promovido por el patronato municipal de deportes de Gij\u00f3n. El alumnado recibir\u00e1 instrucciones a [&hellip;]<\/p>\n","protected":false},"author":1764,"featured_media":0,"comment_status":"open","ping_status":"open","sticky":false,"template":"","format":"standard","meta":{"footnotes":""},"categories":[],"tags":[109],"class_list":["post-818","post","type-post","status-publish","format-standard","hentry","tag-record-rcp-2023"],"_links":{"self":[{"href":"https:\/\/edublog.educastur.es\/el1recicla\/wp-json\/wp\/v2\/posts\/818","targetHints":{"allow":["GET"]}}],"collection":[{"href":"https:\/\/edublog.educastur.es\/el1recicla\/wp-json\/wp\/v2\/posts"}],"about":[{"href":"https:\/\/edublog.educastur.es\/el1recicla\/wp-json\/wp\/v2\/types\/post"}],"author":[{"embeddable":true,"href":"https:\/\/edublog.educastur.es\/el1recicla\/wp-json\/wp\/v2\/users\/1764"}],"replies":[{"embeddable":true,"href":"https:\/\/edublog.educastur.es\/el1recicla\/wp-json\/wp\/v2\/comments?post=818"}],"version-history":[{"count":1,"href":"https:\/\/edublog.educastur.es\/el1recicla\/wp-json\/wp\/v2\/posts\/818\/revisions"}],"predecessor-version":[{"id":819,"href":"https:\/\/edublog.educastur.es\/el1recicla\/wp-json\/wp\/v2\/posts\/818\/revisions\/819"}],"wp:attachment":[{"href":"https:\/\/edublog.educastur.es\/el1recicla\/wp-json\/wp\/v2\/media?parent=818"}],"wp:term":[{"taxonomy":"category","embeddable":true,"href":"https:\/\/edublog.educastur.es\/el1recicla\/wp-json\/wp\/v2\/categories?post=818"},{"taxonomy":"post_tag","embeddable":true,"href":"https:\/\/edublog.educastur.es\/el1recicla\/wp-json\/wp\/v2\/tags?post=818"}],"curies":[{"name":"wp","href":"https:\/\/api.w.org\/{rel}","templated":true}]}}