{"id":820,"date":"2024-04-22T09:26:58","date_gmt":"2024-04-22T09:26:58","guid":{"rendered":"https:\/\/edublog.educastur.es\/el1recicla\/?p=820"},"modified":"2024-05-16T11:59:44","modified_gmt":"2024-05-16T11:59:44","slug":"diploma-participacion-semana-eurospea-de-prevencios-de-residuos-2024","status":"publish","type":"post","link":"https:\/\/edublog.educastur.es\/el1recicla\/2024\/04\/22\/diploma-participacion-semana-eurospea-de-prevencios-de-residuos-2024\/","title":{"rendered":"diploma participaci\u00f3n SEMANA EUROPEA DE PREVENCI\u00d3N DE RESIDUOS"},"content":{"rendered":"<p>Con estas l\u00edneas, queremos agradecer tu participaci\u00f3n en la emana Europea de la Prevenci\u00f3n de Residuos 2023 y comunicar los ganadores regionales en las distintas categor\u00edas participantes.<\/p>\n<p>Durante la SEPR 2023, celebrada entre el 18 y el 26 de noviembre, se pusieron en marcha 212 acciones de la mano de 177 entidades y que involucraron a m\u00e1s de 400 agentes sociales asturianos. Una vez m\u00e1s estas cifras han superado nuestras expectativas regionales de participaci\u00f3n y por la que os agradecemos encarecidamente vuestro compromiso e implicaci\u00f3n con la Semana.<\/p>\n","protected":false},"excerpt":{"rendered":"<p>Con estas l\u00edneas, queremos agradecer tu participaci\u00f3n en la emana Europea de la Prevenci\u00f3n de Residuos 2023 y comunicar los ganadores regionales en las distintas categor\u00edas participantes. Durante la SEPR 2023, celebrada entre el 18 y el 26 de noviembre, [&hellip;]<\/p>\n","protected":false},"author":1764,"featured_media":0,"comment_status":"open","ping_status":"open","sticky":false,"template":"","format":"standard","meta":{"footnotes":""},"categories":[66,21],"tags":[83],"class_list":["post-820","post","type-post","status-publish","format-standard","hentry","category-cogersa","category-semana-europea-de-prevencion-de-residuos-en-el-ies-n1","tag-celebrada-entre-el-18-y-el-26-de-noviembre"],"_links":{"self":[{"href":"https:\/\/edublog.educastur.es\/el1recicla\/wp-json\/wp\/v2\/posts\/820","targetHints":{"allow":["GET"]}}],"collection":[{"href":"https:\/\/edublog.educastur.es\/el1recicla\/wp-json\/wp\/v2\/posts"}],"about":[{"href":"https:\/\/edublog.educastur.es\/el1recicla\/wp-json\/wp\/v2\/types\/post"}],"author":[{"embeddable":true,"href":"https:\/\/edublog.educastur.es\/el1recicla\/wp-json\/wp\/v2\/users\/1764"}],"replies":[{"embeddable":true,"href":"https:\/\/edublog.educastur.es\/el1recicla\/wp-json\/wp\/v2\/comments?post=820"}],"version-history":[{"count":8,"href":"https:\/\/edublog.educastur.es\/el1recicla\/wp-json\/wp\/v2\/posts\/820\/revisions"}],"predecessor-version":[{"id":1114,"href":"https:\/\/edublog.educastur.es\/el1recicla\/wp-json\/wp\/v2\/posts\/820\/revisions\/1114"}],"wp:attachment":[{"href":"https:\/\/edublog.educastur.es\/el1recicla\/wp-json\/wp\/v2\/media?parent=820"}],"wp:term":[{"taxonomy":"category","embeddable":true,"href":"https:\/\/edublog.educastur.es\/el1recicla\/wp-json\/wp\/v2\/categories?post=820"},{"taxonomy":"post_tag","embeddable":true,"href":"https:\/\/edublog.educastur.es\/el1recicla\/wp-json\/wp\/v2\/tags?post=820"}],"curies":[{"name":"wp","href":"https:\/\/api.w.org\/{rel}","templated":true}]}}