{"id":837,"date":"2024-04-22T10:28:30","date_gmt":"2024-04-22T10:28:30","guid":{"rendered":"https:\/\/edublog.educastur.es\/el1recicla\/?p=837"},"modified":"2024-04-26T16:31:32","modified_gmt":"2024-04-26T16:31:32","slug":"jornadas-fp-empresa-ambiental","status":"publish","type":"post","link":"https:\/\/edublog.educastur.es\/el1recicla\/2024\/04\/22\/jornadas-fp-empresa-ambiental\/","title":{"rendered":"Jornadas FP-Empresa Ambiental"},"content":{"rendered":"<h2>Jornadas FP-Empresa Ambiental<\/h2>\n<div class=\"info\">\n<div class=\"content\">La semana pasada durante las Jornadas FP Empresa Ambiental veinte ponentes presentaron sus empresas e instituciones. Muchas gracias a Jesus Fidel Delgado Ramallo de Neoalgae, camara de comercio de Gij\u00f3n Marta eurofins ecogestor Sandra R. de EProgram nortecontrol consorcio de aguas de Asturias empresa municipal de aguas cogersa cucc c\u00e1tedra de cambio clim\u00e1tico Alma Hern\u00e1ndez Rojas y incar-csic<br \/>\nY por supuesto a nuestras antiguas alumnas Alicia Pulgar Palicio, Arantza Heredia Bilbao, Marisa del Valle y Laura Arango.<br \/>\nUn placer teneros por aqu\u00ed!<\/div>\n<div><img decoding=\"async\" src=\"https:\/\/alojaweb.educastur.es\/documents\/2281142\/11790099\/Diapositiva1_LAURA+FERNANDEZ+FERN.JPG\/4995fd28-2df2-4806-8838-34622295ff8a?t=1700680184799\" \/><\/div>\n<\/div>\n","protected":false},"excerpt":{"rendered":"<p>Jornadas FP-Empresa Ambiental La semana pasada durante las Jornadas FP Empresa Ambiental veinte ponentes presentaron sus empresas e instituciones. Muchas gracias a Jesus Fidel Delgado Ramallo de Neoalgae, camara de comercio de Gij\u00f3n Marta eurofins ecogestor Sandra R. de EProgram [&hellip;]<\/p>\n","protected":false},"author":1764,"featured_media":0,"comment_status":"open","ping_status":"open","sticky":false,"template":"","format":"standard","meta":{"footnotes":""},"categories":[],"tags":[75],"class_list":["post-837","post","type-post","status-publish","format-standard","hentry","tag-jornadas-fp-empresa-ambiental"],"_links":{"self":[{"href":"https:\/\/edublog.educastur.es\/el1recicla\/wp-json\/wp\/v2\/posts\/837","targetHints":{"allow":["GET"]}}],"collection":[{"href":"https:\/\/edublog.educastur.es\/el1recicla\/wp-json\/wp\/v2\/posts"}],"about":[{"href":"https:\/\/edublog.educastur.es\/el1recicla\/wp-json\/wp\/v2\/types\/post"}],"author":[{"embeddable":true,"href":"https:\/\/edublog.educastur.es\/el1recicla\/wp-json\/wp\/v2\/users\/1764"}],"replies":[{"embeddable":true,"href":"https:\/\/edublog.educastur.es\/el1recicla\/wp-json\/wp\/v2\/comments?post=837"}],"version-history":[{"count":1,"href":"https:\/\/edublog.educastur.es\/el1recicla\/wp-json\/wp\/v2\/posts\/837\/revisions"}],"predecessor-version":[{"id":838,"href":"https:\/\/edublog.educastur.es\/el1recicla\/wp-json\/wp\/v2\/posts\/837\/revisions\/838"}],"wp:attachment":[{"href":"https:\/\/edublog.educastur.es\/el1recicla\/wp-json\/wp\/v2\/media?parent=837"}],"wp:term":[{"taxonomy":"category","embeddable":true,"href":"https:\/\/edublog.educastur.es\/el1recicla\/wp-json\/wp\/v2\/categories?post=837"},{"taxonomy":"post_tag","embeddable":true,"href":"https:\/\/edublog.educastur.es\/el1recicla\/wp-json\/wp\/v2\/tags?post=837"}],"curies":[{"name":"wp","href":"https:\/\/api.w.org\/{rel}","templated":true}]}}