{"id":174,"date":"2025-01-16T17:51:09","date_gmt":"2025-01-16T16:51:09","guid":{"rendered":"https:\/\/edublog.educastur.es\/erasmuscepanalon\/?p=174"},"modified":"2025-01-16T18:00:31","modified_gmt":"2025-01-16T17:00:31","slug":"nuestro-director-representando-al-cepa-del-nalon-en-madrid","status":"publish","type":"post","link":"https:\/\/edublog.educastur.es\/erasmuscepanalon\/2025\/01\/16\/nuestro-director-representando-al-cepa-del-nalon-en-madrid\/","title":{"rendered":"Nuestro director representando al CEPA del Nal\u00f3n en Madrid."},"content":{"rendered":"<p>?\u2708\ufe0f Nuestro director representando al CEPA Nal\u00f3n en Madrid ?<\/p>\n<p>El pasado 17 y 18 de diciembre de 2024 , nuestro director, Jos\u00e9 Antonio , tuvo el honor de participar en la Jornada Anual de Difusi\u00f3n de Erasmus+ celebrada en el ic\u00f3nico Teatro Real de Madrid .<\/p>\n<p>? Durante este prestigioso evento, se tratar\u00e1n temas clave para el futuro de la educaci\u00f3n:<br \/>\n\u2728 Transformaci\u00f3n digital y Erasmus+.<br \/>\n? Impacto de la inteligencia artificial en la ense\u00f1anza.<\/p>\n<p>? Adem\u00e1s, se realiz\u00f3 la entrega de los premios EITA , reconociendo la excelencia de diversos centros educativos en toda Espa\u00f1a. \u00a1Un evento inspirador que reafirma la importancia de la innovaci\u00f3n en la educaci\u00f3n!<\/p>\n<p>? Desde el CEPA Nal\u00f3n, seguimos apostando por la educaci\u00f3n de calidad y los programas internacionales. \u00a1Gracias a Erasmus+ por abrirnos puertas al futuro!<\/p>\n<p>#CepaNal\u00f3n #ErasmusPlus #Educaci\u00f3nInnovadora #Transformaci\u00f3nDigital #InteligenciaArtificial #Educaci\u00f3nParaAdultos #JornadasErasmus #TeatroRealMadrid<\/p>\n<p>&nbsp;<\/p>\n<p><img loading=\"lazy\" decoding=\"async\" class=\"alignnone size-medium wp-image-175\" src=\"http:\/\/edublog.educastur.es\/erasmuscepanalon\/files\/2025\/01\/WhatsApp-Image-2025-01-15-at-11.20.15-2-300x225.jpeg\" alt=\"\" width=\"300\" height=\"225\" srcset=\"https:\/\/edublog.educastur.es\/erasmuscepanalon\/files\/2025\/01\/WhatsApp-Image-2025-01-15-at-11.20.15-2-300x225.jpeg 300w, https:\/\/edublog.educastur.es\/erasmuscepanalon\/files\/2025\/01\/WhatsApp-Image-2025-01-15-at-11.20.15-2-1024x768.jpeg 1024w, https:\/\/edublog.educastur.es\/erasmuscepanalon\/files\/2025\/01\/WhatsApp-Image-2025-01-15-at-11.20.15-2-768x576.jpeg 768w, https:\/\/edublog.educastur.es\/erasmuscepanalon\/files\/2025\/01\/WhatsApp-Image-2025-01-15-at-11.20.15-2-1536x1152.jpeg 1536w, https:\/\/edublog.educastur.es\/erasmuscepanalon\/files\/2025\/01\/WhatsApp-Image-2025-01-15-at-11.20.15-2-676x507.jpeg 676w, https:\/\/edublog.educastur.es\/erasmuscepanalon\/files\/2025\/01\/WhatsApp-Image-2025-01-15-at-11.20.15-2.jpeg 1600w\" sizes=\"auto, (max-width: 300px) 100vw, 300px\" \/><\/p>\n<p><img loading=\"lazy\" decoding=\"async\" class=\"alignnone size-medium wp-image-178\" src=\"http:\/\/edublog.educastur.es\/erasmuscepanalon\/files\/2025\/01\/WhatsApp-Image-2025-01-15-at-11.20.15-300x225.jpeg\" alt=\"\" width=\"300\" height=\"225\" srcset=\"https:\/\/edublog.educastur.es\/erasmuscepanalon\/files\/2025\/01\/WhatsApp-Image-2025-01-15-at-11.20.15-300x225.jpeg 300w, https:\/\/edublog.educastur.es\/erasmuscepanalon\/files\/2025\/01\/WhatsApp-Image-2025-01-15-at-11.20.15-1024x768.jpeg 1024w, https:\/\/edublog.educastur.es\/erasmuscepanalon\/files\/2025\/01\/WhatsApp-Image-2025-01-15-at-11.20.15-768x576.jpeg 768w, https:\/\/edublog.educastur.es\/erasmuscepanalon\/files\/2025\/01\/WhatsApp-Image-2025-01-15-at-11.20.15-1536x1152.jpeg 1536w, https:\/\/edublog.educastur.es\/erasmuscepanalon\/files\/2025\/01\/WhatsApp-Image-2025-01-15-at-11.20.15-676x507.jpeg 676w, https:\/\/edublog.educastur.es\/erasmuscepanalon\/files\/2025\/01\/WhatsApp-Image-2025-01-15-at-11.20.15.jpeg 1600w\" sizes=\"auto, (max-width: 300px) 100vw, 300px\" \/><\/p>\n<p><img loading=\"lazy\" decoding=\"async\" class=\"alignnone size-medium wp-image-177\" src=\"http:\/\/edublog.educastur.es\/erasmuscepanalon\/files\/2025\/01\/WhatsApp-Image-2025-01-15-at-11.20.15-1-1-300x225.jpeg\" alt=\"\" width=\"300\" height=\"225\" \/><\/p>\n","protected":false},"excerpt":{"rendered":"<p>?\u2708\ufe0f Nuestro director representando al CEPA Nal\u00f3n en Madrid ? El pasado 17 y 18 de diciembre de 2024 , nuestro director, Jos\u00e9 Antonio , tuvo el honor de participar en la Jornada Anual de Difusi\u00f3n de Erasmus+ celebrada en el ic\u00f3nico Teatro Real de Madrid . ? Durante este prestigioso evento, se tratar\u00e1n temas [&hellip;]<\/p>\n","protected":false},"author":6095,"featured_media":0,"comment_status":"open","ping_status":"open","sticky":false,"template":"","format":"standard","meta":{"footnotes":""},"categories":[2],"tags":[],"class_list":["post-174","post","type-post","status-publish","format-standard","hentry","category-diario-erasmus-cepa-nalon","post-preview"],"_links":{"self":[{"href":"https:\/\/edublog.educastur.es\/erasmuscepanalon\/wp-json\/wp\/v2\/posts\/174","targetHints":{"allow":["GET"]}}],"collection":[{"href":"https:\/\/edublog.educastur.es\/erasmuscepanalon\/wp-json\/wp\/v2\/posts"}],"about":[{"href":"https:\/\/edublog.educastur.es\/erasmuscepanalon\/wp-json\/wp\/v2\/types\/post"}],"author":[{"embeddable":true,"href":"https:\/\/edublog.educastur.es\/erasmuscepanalon\/wp-json\/wp\/v2\/users\/6095"}],"replies":[{"embeddable":true,"href":"https:\/\/edublog.educastur.es\/erasmuscepanalon\/wp-json\/wp\/v2\/comments?post=174"}],"version-history":[{"count":1,"href":"https:\/\/edublog.educastur.es\/erasmuscepanalon\/wp-json\/wp\/v2\/posts\/174\/revisions"}],"predecessor-version":[{"id":179,"href":"https:\/\/edublog.educastur.es\/erasmuscepanalon\/wp-json\/wp\/v2\/posts\/174\/revisions\/179"}],"wp:attachment":[{"href":"https:\/\/edublog.educastur.es\/erasmuscepanalon\/wp-json\/wp\/v2\/media?parent=174"}],"wp:term":[{"taxonomy":"category","embeddable":true,"href":"https:\/\/edublog.educastur.es\/erasmuscepanalon\/wp-json\/wp\/v2\/categories?post=174"},{"taxonomy":"post_tag","embeddable":true,"href":"https:\/\/edublog.educastur.es\/erasmuscepanalon\/wp-json\/wp\/v2\/tags?post=174"}],"curies":[{"name":"wp","href":"https:\/\/api.w.org\/{rel}","templated":true}]}}