{"id":443,"date":"2025-10-23T18:43:29","date_gmt":"2025-10-23T16:43:29","guid":{"rendered":"https:\/\/edublog.educastur.es\/erasmuscepanalon\/?p=443"},"modified":"2025-10-23T18:44:51","modified_gmt":"2025-10-23T16:44:51","slug":"tercer-dia-en-la-visita-preparatoria-erasmus","status":"publish","type":"post","link":"https:\/\/edublog.educastur.es\/erasmuscepanalon\/2025\/10\/23\/tercer-dia-en-la-visita-preparatoria-erasmus\/","title":{"rendered":"Tercer d\u00eda en la visita preparatoria Erasmus+"},"content":{"rendered":"<div class=\"xdj266r x14z9mp xat24cr x1lziwak x1vvkbs x126k92a\">\n<div dir=\"auto\"><\/div>\n<\/div>\n<div class=\"x14z9mp xat24cr x1lziwak x1vvkbs xtlvy1s x126k92a\">\n<div dir=\"auto\">Nuestras compa\u00f1eras Bea y Bego\u00f1a contin\u00faan con su intensa agenda en el CPIA Biella-Vercelli. Ayer tuvieron la oportunidad de visitar la escuela de Vercelli, asistir a la formaci\u00f3n del profesorado de nueva incorporaci\u00f3n y conocer de primera mano c\u00f3mo trabajan en el CPIA italiano.<\/div>\n<\/div>\n<div class=\"x14z9mp xat24cr x1lziwak x1vvkbs xtlvy1s x126k92a\">\n<div dir=\"auto\">Adem\u00e1s, pudieron descubrir la ciudad de Vercelli, conocida como la \u201ccapital europea del arroz\u201d y que guarda un precioso patrimonio art\u00edstico con joyas como la Bas\u00edlica de San Andr\u00e9s. Tambi\u00e9n se acercaron a Ricetto di Candelo, un impresionante recinto medieval amurallado declarado Monumento Nacional, que parece sacado de un cuento. <span class=\"html-span xexx8yu xyri2b x18d9i69 x1c1uobl x1hl2dhg x16tdsg8 x1vvkbs x3nfvp2 x1j61x8r x1fcty0u xdj266r xat24cr xm2jcoa x1mpyi22 xxymvpz xlup9mm x1kky2od\"><img loading=\"lazy\" decoding=\"async\" class=\"xz74otr x15mokao x1ga7v0g x16uus16 xbiv7yw\" src=\"https:\/\/static.xx.fbcdn.net\/images\/emoji.php\/v9\/t95\/1\/16\/1f3f0.png\" alt=\"\ud83c\udff0\" width=\"16\" height=\"16\" \/><\/span><span class=\"html-span xexx8yu xyri2b x18d9i69 x1c1uobl x1hl2dhg x16tdsg8 x1vvkbs x3nfvp2 x1j61x8r x1fcty0u xdj266r xat24cr xm2jcoa x1mpyi22 xxymvpz xlup9mm x1kky2od\"><img loading=\"lazy\" decoding=\"async\" class=\"xz74otr x15mokao x1ga7v0g x16uus16 xbiv7yw\" src=\"https:\/\/static.xx.fbcdn.net\/images\/emoji.php\/v9\/tf4\/1\/16\/2728.png\" alt=\"\u2728\" width=\"16\" height=\"16\" \/><\/span><\/div>\n<\/div>\n<div class=\"x14z9mp xat24cr x1lziwak x1vvkbs xtlvy1s x126k92a\">\n<div dir=\"auto\">Un d\u00eda lleno de aprendizajes, historia y belleza. <span class=\"html-span xexx8yu xyri2b x18d9i69 x1c1uobl x1hl2dhg x16tdsg8 x1vvkbs x3nfvp2 x1j61x8r x1fcty0u xdj266r xat24cr xm2jcoa x1mpyi22 xxymvpz xlup9mm x1kky2od\"><img loading=\"lazy\" decoding=\"async\" class=\"xz74otr x15mokao x1ga7v0g x16uus16 xbiv7yw\" src=\"https:\/\/static.xx.fbcdn.net\/images\/emoji.php\/v9\/t3f\/1\/16\/1f30d.png\" alt=\"\ud83c\udf0d\" width=\"16\" height=\"16\" \/><\/span><span class=\"html-span xexx8yu xyri2b x18d9i69 x1c1uobl x1hl2dhg x16tdsg8 x1vvkbs x3nfvp2 x1j61x8r x1fcty0u xdj266r xat24cr xm2jcoa x1mpyi22 xxymvpz xlup9mm x1kky2od\"><img loading=\"lazy\" decoding=\"async\" class=\"xz74otr x15mokao x1ga7v0g x16uus16 xbiv7yw\" src=\"https:\/\/static.xx.fbcdn.net\/images\/emoji.php\/v9\/t49\/1\/16\/1f4da.png\" alt=\"\ud83d\udcda\" width=\"16\" height=\"16\" \/><\/span><\/div>\n<div dir=\"auto\"><img loading=\"lazy\" decoding=\"async\" class=\"alignnone wp-image-444\" src=\"http:\/\/edublog.educastur.es\/erasmuscepanalon\/files\/2025\/10\/553384003_17893453143333604_2446831919958300470_n-1-300x157.jpg\" alt=\"\" width=\"789\" height=\"413\" srcset=\"https:\/\/edublog.educastur.es\/erasmuscepanalon\/files\/2025\/10\/553384003_17893453143333604_2446831919958300470_n-1-300x157.jpg 300w, https:\/\/edublog.educastur.es\/erasmuscepanalon\/files\/2025\/10\/553384003_17893453143333604_2446831919958300470_n-1-768x402.jpg 768w, https:\/\/edublog.educastur.es\/erasmuscepanalon\/files\/2025\/10\/553384003_17893453143333604_2446831919958300470_n-1-676x354.jpg 676w, https:\/\/edublog.educastur.es\/erasmuscepanalon\/files\/2025\/10\/553384003_17893453143333604_2446831919958300470_n-1.jpg 837w\" sizes=\"auto, (max-width: 789px) 100vw, 789px\" \/><\/div>\n<\/div>\n","protected":false},"excerpt":{"rendered":"<p>Nuestras compa\u00f1eras Bea y Bego\u00f1a contin\u00faan con su intensa agenda en el CPIA Biella-Vercelli. Ayer tuvieron la oportunidad de visitar la escuela de Vercelli, asistir a la formaci\u00f3n del profesorado de nueva incorporaci\u00f3n y conocer de primera mano c\u00f3mo trabajan en el CPIA italiano. Adem\u00e1s, pudieron descubrir la ciudad de Vercelli, conocida como la \u201ccapital [&hellip;]<\/p>\n","protected":false},"author":6095,"featured_media":0,"comment_status":"open","ping_status":"open","sticky":false,"template":"","format":"standard","meta":{"footnotes":""},"categories":[2],"tags":[],"class_list":["post-443","post","type-post","status-publish","format-standard","hentry","category-diario-erasmus-cepa-nalon","post-preview"],"_links":{"self":[{"href":"https:\/\/edublog.educastur.es\/erasmuscepanalon\/wp-json\/wp\/v2\/posts\/443","targetHints":{"allow":["GET"]}}],"collection":[{"href":"https:\/\/edublog.educastur.es\/erasmuscepanalon\/wp-json\/wp\/v2\/posts"}],"about":[{"href":"https:\/\/edublog.educastur.es\/erasmuscepanalon\/wp-json\/wp\/v2\/types\/post"}],"author":[{"embeddable":true,"href":"https:\/\/edublog.educastur.es\/erasmuscepanalon\/wp-json\/wp\/v2\/users\/6095"}],"replies":[{"embeddable":true,"href":"https:\/\/edublog.educastur.es\/erasmuscepanalon\/wp-json\/wp\/v2\/comments?post=443"}],"version-history":[{"count":1,"href":"https:\/\/edublog.educastur.es\/erasmuscepanalon\/wp-json\/wp\/v2\/posts\/443\/revisions"}],"predecessor-version":[{"id":445,"href":"https:\/\/edublog.educastur.es\/erasmuscepanalon\/wp-json\/wp\/v2\/posts\/443\/revisions\/445"}],"wp:attachment":[{"href":"https:\/\/edublog.educastur.es\/erasmuscepanalon\/wp-json\/wp\/v2\/media?parent=443"}],"wp:term":[{"taxonomy":"category","embeddable":true,"href":"https:\/\/edublog.educastur.es\/erasmuscepanalon\/wp-json\/wp\/v2\/categories?post=443"},{"taxonomy":"post_tag","embeddable":true,"href":"https:\/\/edublog.educastur.es\/erasmuscepanalon\/wp-json\/wp\/v2\/tags?post=443"}],"curies":[{"name":"wp","href":"https:\/\/api.w.org\/{rel}","templated":true}]}}