{"id":505,"date":"2025-11-21T12:08:42","date_gmt":"2025-11-21T11:08:42","guid":{"rendered":"https:\/\/edublog.educastur.es\/erasmuscepanalon\/?p=505"},"modified":"2025-11-21T12:08:42","modified_gmt":"2025-11-21T11:08:42","slug":"erasmus-nos-une","status":"publish","type":"post","link":"https:\/\/edublog.educastur.es\/erasmuscepanalon\/2025\/11\/21\/erasmus-nos-une\/","title":{"rendered":"Erasmus+ nos une."},"content":{"rendered":"<p>Hoy nuestro grupo ha conectado con la naturaleza y la belleza del oto\u00f1o en Biella, respirando aprendizaje entre los colores del Giardini Zumaglini. Por la tarde, la m\u00fasica nos abri\u00f3 otra puerta: a trav\u00e9s de las canciones que utilizan en el CPiA Biella-Vercelli, pudimos descubrir una metodolog\u00eda viva, que hace vibrar las lenguas extranjeras con ritmo y emoci\u00f3n. Naturaleza y m\u00fasica: dos lenguajes universales que nos recuerdan que aprender es encontrarse, compartir y crecer juntos. Esto tambi\u00e9n es Erasmus+.<\/p>\n<p><img loading=\"lazy\" decoding=\"async\" class=\"alignnone  wp-image-506\" src=\"http:\/\/edublog.educastur.es\/erasmuscepanalon\/files\/2025\/11\/Captura-de-pantalla-2025-11-21-120700-min-297x300.jpg\" alt=\"\" width=\"559\" height=\"565\" srcset=\"https:\/\/edublog.educastur.es\/erasmuscepanalon\/files\/2025\/11\/Captura-de-pantalla-2025-11-21-120700-min-297x300.jpg 297w, https:\/\/edublog.educastur.es\/erasmuscepanalon\/files\/2025\/11\/Captura-de-pantalla-2025-11-21-120700-min.jpg 674w\" sizes=\"auto, (max-width: 559px) 100vw, 559px\" \/><\/p>\n","protected":false},"excerpt":{"rendered":"<p>Hoy nuestro grupo ha conectado con la naturaleza y la belleza del oto\u00f1o en Biella, respirando aprendizaje entre los colores del Giardini Zumaglini. Por la tarde, la m\u00fasica nos abri\u00f3 otra puerta: a trav\u00e9s de las canciones que utilizan en el CPiA Biella-Vercelli, pudimos descubrir una metodolog\u00eda viva, que hace vibrar las lenguas extranjeras con [&hellip;]<\/p>\n","protected":false},"author":6095,"featured_media":0,"comment_status":"open","ping_status":"open","sticky":false,"template":"","format":"standard","meta":{"footnotes":""},"categories":[2],"tags":[],"class_list":["post-505","post","type-post","status-publish","format-standard","hentry","category-diario-erasmus-cepa-nalon","post-preview"],"_links":{"self":[{"href":"https:\/\/edublog.educastur.es\/erasmuscepanalon\/wp-json\/wp\/v2\/posts\/505","targetHints":{"allow":["GET"]}}],"collection":[{"href":"https:\/\/edublog.educastur.es\/erasmuscepanalon\/wp-json\/wp\/v2\/posts"}],"about":[{"href":"https:\/\/edublog.educastur.es\/erasmuscepanalon\/wp-json\/wp\/v2\/types\/post"}],"author":[{"embeddable":true,"href":"https:\/\/edublog.educastur.es\/erasmuscepanalon\/wp-json\/wp\/v2\/users\/6095"}],"replies":[{"embeddable":true,"href":"https:\/\/edublog.educastur.es\/erasmuscepanalon\/wp-json\/wp\/v2\/comments?post=505"}],"version-history":[{"count":1,"href":"https:\/\/edublog.educastur.es\/erasmuscepanalon\/wp-json\/wp\/v2\/posts\/505\/revisions"}],"predecessor-version":[{"id":507,"href":"https:\/\/edublog.educastur.es\/erasmuscepanalon\/wp-json\/wp\/v2\/posts\/505\/revisions\/507"}],"wp:attachment":[{"href":"https:\/\/edublog.educastur.es\/erasmuscepanalon\/wp-json\/wp\/v2\/media?parent=505"}],"wp:term":[{"taxonomy":"category","embeddable":true,"href":"https:\/\/edublog.educastur.es\/erasmuscepanalon\/wp-json\/wp\/v2\/categories?post=505"},{"taxonomy":"post_tag","embeddable":true,"href":"https:\/\/edublog.educastur.es\/erasmuscepanalon\/wp-json\/wp\/v2\/tags?post=505"}],"curies":[{"name":"wp","href":"https:\/\/api.w.org\/{rel}","templated":true}]}}