{"id":514,"date":"2025-11-21T12:19:16","date_gmt":"2025-11-21T11:19:16","guid":{"rendered":"https:\/\/edublog.educastur.es\/erasmuscepanalon\/?p=514"},"modified":"2025-11-21T12:19:16","modified_gmt":"2025-11-21T11:19:16","slug":"hoy-llega-a-su-fin-la-aventura-de-nuestros-companeros-en-italia","status":"publish","type":"post","link":"https:\/\/edublog.educastur.es\/erasmuscepanalon\/2025\/11\/21\/hoy-llega-a-su-fin-la-aventura-de-nuestros-companeros-en-italia\/","title":{"rendered":"Hoy llega a su fin la aventura de nuestros compa\u00f1eros en Italia"},"content":{"rendered":"<p>Como broche final, han disfrutado de un d\u00eda inolvidable en Mil\u00e1n, una ciudad vibrante conocida por su moda, su arte y su historia. Durante su recorrido, pudieron pasear por Piazza Sempione y su majestuoso Arco della Pace, adentrarse en la historia del Castello Sforzesco y quedar maravillados ante la grandeza del Duomo, una de las catedrales g\u00f3ticas m\u00e1s imponentes del mundo.<\/p>\n<p>Adem\u00e1s, tuvieron la oportunidad de descubrir la zona de los canales y puentes de Navigli, uno de los rincones m\u00e1s pintorescos de la ciudad, lleno de vida, reflejos sobre el agua y un encanto que mezcla tradici\u00f3n y modernidad. \ud83c\udf09<\/p>\n<p>Ma\u00f1ana temprano pondr\u00e1n rumbo a Asturias, donde los recibiremos con los brazos abiertos y con much\u00edsimas ganas de escuchar cada detalle de su enriquecedora experiencia Erasmus+. \u00a1Buen viaje de vuelta! \u2708\ufe0f\ud83d\udc99<\/p>\n<p><img loading=\"lazy\" decoding=\"async\" class=\"alignnone  wp-image-515\" src=\"http:\/\/edublog.educastur.es\/erasmuscepanalon\/files\/2025\/11\/Captura-de-pantalla-2025-11-21-121749-min-300x188.jpg\" alt=\"\" width=\"758\" height=\"475\" srcset=\"https:\/\/edublog.educastur.es\/erasmuscepanalon\/files\/2025\/11\/Captura-de-pantalla-2025-11-21-121749-min-300x188.jpg 300w, https:\/\/edublog.educastur.es\/erasmuscepanalon\/files\/2025\/11\/Captura-de-pantalla-2025-11-21-121749-min.jpg 616w\" sizes=\"auto, (max-width: 758px) 100vw, 758px\" \/><\/p>\n","protected":false},"excerpt":{"rendered":"<p>Como broche final, han disfrutado de un d\u00eda inolvidable en Mil\u00e1n, una ciudad vibrante conocida por su moda, su arte y su historia. Durante su recorrido, pudieron pasear por Piazza Sempione y su majestuoso Arco della Pace, adentrarse en la historia del Castello Sforzesco y quedar maravillados ante la grandeza del Duomo, una de las [&hellip;]<\/p>\n","protected":false},"author":6095,"featured_media":0,"comment_status":"open","ping_status":"open","sticky":false,"template":"","format":"standard","meta":{"footnotes":""},"categories":[1],"tags":[],"class_list":["post-514","post","type-post","status-publish","format-standard","hentry","category-sin-categoria","post-preview"],"_links":{"self":[{"href":"https:\/\/edublog.educastur.es\/erasmuscepanalon\/wp-json\/wp\/v2\/posts\/514","targetHints":{"allow":["GET"]}}],"collection":[{"href":"https:\/\/edublog.educastur.es\/erasmuscepanalon\/wp-json\/wp\/v2\/posts"}],"about":[{"href":"https:\/\/edublog.educastur.es\/erasmuscepanalon\/wp-json\/wp\/v2\/types\/post"}],"author":[{"embeddable":true,"href":"https:\/\/edublog.educastur.es\/erasmuscepanalon\/wp-json\/wp\/v2\/users\/6095"}],"replies":[{"embeddable":true,"href":"https:\/\/edublog.educastur.es\/erasmuscepanalon\/wp-json\/wp\/v2\/comments?post=514"}],"version-history":[{"count":1,"href":"https:\/\/edublog.educastur.es\/erasmuscepanalon\/wp-json\/wp\/v2\/posts\/514\/revisions"}],"predecessor-version":[{"id":516,"href":"https:\/\/edublog.educastur.es\/erasmuscepanalon\/wp-json\/wp\/v2\/posts\/514\/revisions\/516"}],"wp:attachment":[{"href":"https:\/\/edublog.educastur.es\/erasmuscepanalon\/wp-json\/wp\/v2\/media?parent=514"}],"wp:term":[{"taxonomy":"category","embeddable":true,"href":"https:\/\/edublog.educastur.es\/erasmuscepanalon\/wp-json\/wp\/v2\/categories?post=514"},{"taxonomy":"post_tag","embeddable":true,"href":"https:\/\/edublog.educastur.es\/erasmuscepanalon\/wp-json\/wp\/v2\/tags?post=514"}],"curies":[{"name":"wp","href":"https:\/\/api.w.org\/{rel}","templated":true}]}}