{"id":53,"date":"2024-10-29T11:22:53","date_gmt":"2024-10-29T10:22:53","guid":{"rendered":"https:\/\/edublog.educastur.es\/erasmuscepanalon\/?p=53"},"modified":"2024-10-29T11:40:33","modified_gmt":"2024-10-29T10:40:33","slug":"asistencia-de-nuestra-coordinadora-de-erasmus-del-cepa-nalon","status":"publish","type":"post","link":"https:\/\/edublog.educastur.es\/erasmuscepanalon\/2024\/10\/29\/asistencia-de-nuestra-coordinadora-de-erasmus-del-cepa-nalon\/","title":{"rendered":"Asistencia de nuestra coordinadora de Erasmus + del Cepa Nal\u00f3n."},"content":{"rendered":"<p>El 3 y 4 de octubre nuestra coordinadora Erasmus + asisti\u00f3 a las jornadas iniciales de proyectos de movilidad KA122 en Educaci\u00f3n Escolar y de Personas Adultas en Las Palmas de Gran Canaria. All\u00ed coincidi\u00f3 con otra profesora del IES de Villaviciosa. Tuvieron la oportunidad de compartir experiencias y aprendizajes que les ayudar\u00e1n a impulsar la educaci\u00f3n internacional.<img loading=\"lazy\" decoding=\"async\" class=\"alignnone size-medium wp-image-54\" src=\"http:\/\/edublog.educastur.es\/erasmuscepanalon\/files\/2024\/10\/Screenshot_2024-10-29-10-13-11-04_1c337646f29875672b5a61192b9010f9-269x300.jpg\" alt=\"\" width=\"269\" height=\"300\" srcset=\"https:\/\/edublog.educastur.es\/erasmuscepanalon\/files\/2024\/10\/Screenshot_2024-10-29-10-13-11-04_1c337646f29875672b5a61192b9010f9-269x300.jpg 269w, https:\/\/edublog.educastur.es\/erasmuscepanalon\/files\/2024\/10\/Screenshot_2024-10-29-10-13-11-04_1c337646f29875672b5a61192b9010f9-919x1024.jpg 919w, https:\/\/edublog.educastur.es\/erasmuscepanalon\/files\/2024\/10\/Screenshot_2024-10-29-10-13-11-04_1c337646f29875672b5a61192b9010f9-768x856.jpg 768w, https:\/\/edublog.educastur.es\/erasmuscepanalon\/files\/2024\/10\/Screenshot_2024-10-29-10-13-11-04_1c337646f29875672b5a61192b9010f9-676x754.jpg 676w, https:\/\/edublog.educastur.es\/erasmuscepanalon\/files\/2024\/10\/Screenshot_2024-10-29-10-13-11-04_1c337646f29875672b5a61192b9010f9.jpg 1080w\" sizes=\"auto, (max-width: 269px) 100vw, 269px\" \/><img loading=\"lazy\" decoding=\"async\" class=\"alignnone  wp-image-58\" src=\"http:\/\/edublog.educastur.es\/erasmuscepanalon\/files\/2024\/10\/es_v_cofinanciado_por_la_union_europea_neg-296x300.jpg\" alt=\"\" width=\"145\" height=\"147\" srcset=\"https:\/\/edublog.educastur.es\/erasmuscepanalon\/files\/2024\/10\/es_v_cofinanciado_por_la_union_europea_neg-296x300.jpg 296w, https:\/\/edublog.educastur.es\/erasmuscepanalon\/files\/2024\/10\/es_v_cofinanciado_por_la_union_europea_neg-768x779.jpg 768w, https:\/\/edublog.educastur.es\/erasmuscepanalon\/files\/2024\/10\/es_v_cofinanciado_por_la_union_europea_neg-676x686.jpg 676w, https:\/\/edublog.educastur.es\/erasmuscepanalon\/files\/2024\/10\/es_v_cofinanciado_por_la_union_europea_neg.jpg 909w\" sizes=\"auto, (max-width: 145px) 100vw, 145px\" \/><\/p>\n","protected":false},"excerpt":{"rendered":"<p>El 3 y 4 de octubre nuestra coordinadora Erasmus + asisti\u00f3 a las jornadas iniciales de proyectos de movilidad KA122 en Educaci\u00f3n Escolar y de Personas Adultas en Las Palmas de Gran Canaria. All\u00ed coincidi\u00f3 con otra profesora del IES de Villaviciosa. Tuvieron la oportunidad de compartir experiencias y aprendizajes que les ayudar\u00e1n a impulsar [&hellip;]<\/p>\n","protected":false},"author":6095,"featured_media":0,"comment_status":"open","ping_status":"open","sticky":false,"template":"","format":"standard","meta":{"footnotes":""},"categories":[2],"tags":[],"class_list":["post-53","post","type-post","status-publish","format-standard","hentry","category-diario-erasmus-cepa-nalon","post-preview"],"_links":{"self":[{"href":"https:\/\/edublog.educastur.es\/erasmuscepanalon\/wp-json\/wp\/v2\/posts\/53","targetHints":{"allow":["GET"]}}],"collection":[{"href":"https:\/\/edublog.educastur.es\/erasmuscepanalon\/wp-json\/wp\/v2\/posts"}],"about":[{"href":"https:\/\/edublog.educastur.es\/erasmuscepanalon\/wp-json\/wp\/v2\/types\/post"}],"author":[{"embeddable":true,"href":"https:\/\/edublog.educastur.es\/erasmuscepanalon\/wp-json\/wp\/v2\/users\/6095"}],"replies":[{"embeddable":true,"href":"https:\/\/edublog.educastur.es\/erasmuscepanalon\/wp-json\/wp\/v2\/comments?post=53"}],"version-history":[{"count":3,"href":"https:\/\/edublog.educastur.es\/erasmuscepanalon\/wp-json\/wp\/v2\/posts\/53\/revisions"}],"predecessor-version":[{"id":59,"href":"https:\/\/edublog.educastur.es\/erasmuscepanalon\/wp-json\/wp\/v2\/posts\/53\/revisions\/59"}],"wp:attachment":[{"href":"https:\/\/edublog.educastur.es\/erasmuscepanalon\/wp-json\/wp\/v2\/media?parent=53"}],"wp:term":[{"taxonomy":"category","embeddable":true,"href":"https:\/\/edublog.educastur.es\/erasmuscepanalon\/wp-json\/wp\/v2\/categories?post=53"},{"taxonomy":"post_tag","embeddable":true,"href":"https:\/\/edublog.educastur.es\/erasmuscepanalon\/wp-json\/wp\/v2\/tags?post=53"}],"curies":[{"name":"wp","href":"https:\/\/api.w.org\/{rel}","templated":true}]}}