{"id":572,"date":"2025-04-03T09:30:21","date_gmt":"2025-04-03T09:30:21","guid":{"rendered":"https:\/\/edublog.educastur.es\/erasmusiesconcejodetineo\/?p=572"},"modified":"2025-04-03T09:31:29","modified_gmt":"2025-04-03T09:31:29","slug":"comienzan-las-movilidades-erasmus-en-el-ies-concejo-de-tineo","status":"publish","type":"post","link":"https:\/\/edublog.educastur.es\/erasmusiesconcejodetineo\/2025\/04\/03\/comienzan-las-movilidades-erasmus-en-el-ies-concejo-de-tineo\/","title":{"rendered":"\u00a1Comienzan las movilidades Erasmus en el IES Concejo de Tineo!"},"content":{"rendered":"<p class=\"\" data-start=\"733\" data-end=\"966\">Esta semana arrancan las movilidades Erasmus+ en nuestro centro. En el marco de uno de nuestros proyectos, un alumno (\u00c1ngel) del <strong data-start=\"854\" data-end=\"912\">ciclo superior de Gesti\u00f3n Forestal y del Medio Natural<\/strong> realizar\u00e1 su <strong data-start=\"926\" data-end=\"963\">formaci\u00f3n en empresa en Finlandia<\/strong>.<\/p>\n<p data-start=\"733\" data-end=\"966\"><img loading=\"lazy\" decoding=\"async\" class=\"size-medium wp-image-574 aligncenter\" src=\"http:\/\/edublog.educastur.es\/erasmusiesconcejodetineo\/files\/2025\/04\/WhatsApp-Image-2025-04-03-at-11.17.42-300x225.jpeg\" alt=\"\" width=\"300\" height=\"225\" srcset=\"https:\/\/edublog.educastur.es\/erasmusiesconcejodetineo\/files\/2025\/04\/WhatsApp-Image-2025-04-03-at-11.17.42-300x225.jpeg 300w, https:\/\/edublog.educastur.es\/erasmusiesconcejodetineo\/files\/2025\/04\/WhatsApp-Image-2025-04-03-at-11.17.42-1024x768.jpeg 1024w, https:\/\/edublog.educastur.es\/erasmusiesconcejodetineo\/files\/2025\/04\/WhatsApp-Image-2025-04-03-at-11.17.42-768x576.jpeg 768w, https:\/\/edublog.educastur.es\/erasmusiesconcejodetineo\/files\/2025\/04\/WhatsApp-Image-2025-04-03-at-11.17.42-1536x1152.jpeg 1536w, https:\/\/edublog.educastur.es\/erasmusiesconcejodetineo\/files\/2025\/04\/WhatsApp-Image-2025-04-03-at-11.17.42-900x675.jpeg 900w, https:\/\/edublog.educastur.es\/erasmusiesconcejodetineo\/files\/2025\/04\/WhatsApp-Image-2025-04-03-at-11.17.42-1280x960.jpeg 1280w, https:\/\/edublog.educastur.es\/erasmusiesconcejodetineo\/files\/2025\/04\/WhatsApp-Image-2025-04-03-at-11.17.42.jpeg 1600w\" sizes=\"auto, (max-width: 300px) 100vw, 300px\" \/><\/p>\n<p class=\"\" data-start=\"968\" data-end=\"1144\">Esta experiencia le permitir\u00e1 conocer nuevas t\u00e9cnicas de manejo y conservaci\u00f3n del medio natural en un entorno diferente, ampliando as\u00ed sus competencias y visi\u00f3n profesional.<\/p>\n<p class=\"\" data-start=\"1146\" data-end=\"1330\">Desde el <strong data-start=\"1155\" data-end=\"1179\">IES Concejo de Tineo<\/strong>, le deseamos una estancia enriquecedora, llena de aprendizaje y nuevas experiencias. \u00a1Estamos seguros de que aprovechar\u00e1 al m\u00e1ximo esta oportunidad!<\/p>\n<p class=\"\" data-start=\"1332\" data-end=\"1429\">\ud83d\udccc Seguiremos compartiendo m\u00e1s noticias sobre nuestras movilidades Erasmus+. \u00a1No te lo pierdas!<\/p>\n","protected":false},"excerpt":{"rendered":"<p>Esta semana arrancan las movilidades Erasmus+ en nuestro centro. En el marco de uno de nuestros proyectos, un alumno (\u00c1ngel) del ciclo superior de Gesti\u00f3n Forestal y del Medio Natural realizar\u00e1 su formaci\u00f3n en empresa en Finlandia. Esta experiencia le permitir\u00e1 conocer nuevas t\u00e9cnicas de manejo y conservaci\u00f3n del medio natural en un entorno diferente, [&hellip;]<\/p>\n","protected":false},"author":1689,"featured_media":0,"comment_status":"open","ping_status":"open","sticky":false,"template":"","format":"standard","meta":{"footnotes":""},"categories":[1,16,15],"tags":[],"class_list":["post-572","post","type-post","status-publish","format-standard","hentry","category-sin-categoria","category-curso-2024-25","category-movilidades-cursos-anteriores"],"_links":{"self":[{"href":"https:\/\/edublog.educastur.es\/erasmusiesconcejodetineo\/wp-json\/wp\/v2\/posts\/572","targetHints":{"allow":["GET"]}}],"collection":[{"href":"https:\/\/edublog.educastur.es\/erasmusiesconcejodetineo\/wp-json\/wp\/v2\/posts"}],"about":[{"href":"https:\/\/edublog.educastur.es\/erasmusiesconcejodetineo\/wp-json\/wp\/v2\/types\/post"}],"author":[{"embeddable":true,"href":"https:\/\/edublog.educastur.es\/erasmusiesconcejodetineo\/wp-json\/wp\/v2\/users\/1689"}],"replies":[{"embeddable":true,"href":"https:\/\/edublog.educastur.es\/erasmusiesconcejodetineo\/wp-json\/wp\/v2\/comments?post=572"}],"version-history":[{"count":4,"href":"https:\/\/edublog.educastur.es\/erasmusiesconcejodetineo\/wp-json\/wp\/v2\/posts\/572\/revisions"}],"predecessor-version":[{"id":577,"href":"https:\/\/edublog.educastur.es\/erasmusiesconcejodetineo\/wp-json\/wp\/v2\/posts\/572\/revisions\/577"}],"wp:attachment":[{"href":"https:\/\/edublog.educastur.es\/erasmusiesconcejodetineo\/wp-json\/wp\/v2\/media?parent=572"}],"wp:term":[{"taxonomy":"category","embeddable":true,"href":"https:\/\/edublog.educastur.es\/erasmusiesconcejodetineo\/wp-json\/wp\/v2\/categories?post=572"},{"taxonomy":"post_tag","embeddable":true,"href":"https:\/\/edublog.educastur.es\/erasmusiesconcejodetineo\/wp-json\/wp\/v2\/tags?post=572"}],"curies":[{"name":"wp","href":"https:\/\/api.w.org\/{rel}","templated":true}]}}