{"id":580,"date":"2025-05-19T12:12:02","date_gmt":"2025-05-19T12:12:02","guid":{"rendered":"https:\/\/edublog.educastur.es\/erasmusiesconcejodetineo\/?p=580"},"modified":"2025-05-19T12:16:19","modified_gmt":"2025-05-19T12:16:19","slug":"angel-continua-disfrutando-de-su-estancia-erasmus-en-finlandia","status":"publish","type":"post","link":"https:\/\/edublog.educastur.es\/erasmusiesconcejodetineo\/2025\/05\/19\/angel-continua-disfrutando-de-su-estancia-erasmus-en-finlandia\/","title":{"rendered":"\u00c1ngel contin\u00faa disfrutando de su estancia Erasmus en Finlandia"},"content":{"rendered":"<p class=\"\" data-start=\"223\" data-end=\"511\">La movilidad de \u00c1ngel en Finlandia ya ha superado su ecuador, y no podemos estar m\u00e1s contentos con c\u00f3mo se est\u00e1 desarrollando su experiencia. Est\u00e1 aprovechando al m\u00e1ximo esta oportunidad, tanto a nivel profesional como personal, aprendiendo y creciendo en un entorno nuevo y enriquecedor.<\/p>\n<p class=\"\" data-start=\"513\" data-end=\"907\">\u00c1ngel realiza su formaci\u00f3n en una empresa forestal que lleva a cabo todo tipo de trabajos en el monte: desde aprovechamientos madereros hasta labores de gesti\u00f3n y mantenimiento del bosque. Adem\u00e1s, la empresa cuenta con una planta de procesado de madera de pino, lo que le permite a nuestro alumno conocer de primera mano tanto el trabajo en el campo como el tratamiento industrial de la madera.<\/p>\n<p class=\"\" data-start=\"909\" data-end=\"1089\">Sin duda, una experiencia completa que est\u00e1 contribuyendo a su formaci\u00f3n como t\u00e9cnico del sector forestal, y que seguro marcar\u00e1 un antes y un despu\u00e9s en su trayectoria profesional.<\/p>\n\n\t\t<style type=\"text\/css\">\n\t\t\t#gallery-1 {\n\t\t\t\tmargin: auto;\n\t\t\t}\n\t\t\t#gallery-1 .gallery-item {\n\t\t\t\tfloat: left;\n\t\t\t\tmargin-top: 10px;\n\t\t\t\ttext-align: center;\n\t\t\t\twidth: 33%;\n\t\t\t}\n\t\t\t#gallery-1 img {\n\t\t\t\tborder: 2px solid #cfcfcf;\n\t\t\t}\n\t\t\t#gallery-1 .gallery-caption {\n\t\t\t\tmargin-left: 0;\n\t\t\t}\n\t\t\t\/* see gallery_shortcode() in wp-includes\/media.php *\/\n\t\t<\/style>\n\t\t<div id='gallery-1' class='gallery galleryid-580 gallery-columns-3 gallery-size-large'><dl class='gallery-item'>\n\t\t\t<dt class='gallery-icon portrait'>\n\t\t\t\t<a href='https:\/\/edublog.educastur.es\/erasmusiesconcejodetineo\/2025\/05\/19\/angel-continua-disfrutando-de-su-estancia-erasmus-en-finlandia\/photo-2025-05-09-21-38-26\/'><img loading=\"lazy\" decoding=\"async\" width=\"629\" height=\"839\" src=\"https:\/\/edublog.educastur.es\/erasmusiesconcejodetineo\/files\/2025\/05\/PHOTO-2025-05-09-21-38-26-768x1024.jpg\" class=\"attachment-large size-large\" alt=\"\" srcset=\"https:\/\/edublog.educastur.es\/erasmusiesconcejodetineo\/files\/2025\/05\/PHOTO-2025-05-09-21-38-26-768x1024.jpg 768w, https:\/\/edublog.educastur.es\/erasmusiesconcejodetineo\/files\/2025\/05\/PHOTO-2025-05-09-21-38-26-225x300.jpg 225w, https:\/\/edublog.educastur.es\/erasmusiesconcejodetineo\/files\/2025\/05\/PHOTO-2025-05-09-21-38-26-1152x1536.jpg 1152w, https:\/\/edublog.educastur.es\/erasmusiesconcejodetineo\/files\/2025\/05\/PHOTO-2025-05-09-21-38-26-900x1200.jpg 900w, https:\/\/edublog.educastur.es\/erasmusiesconcejodetineo\/files\/2025\/05\/PHOTO-2025-05-09-21-38-26.jpg 1200w\" sizes=\"auto, (max-width: 629px) 100vw, 629px\" \/><\/a>\n\t\t\t<\/dt><\/dl>\n\t\t\t<br style='clear: both' \/>\n\t\t<\/div>\n\n","protected":false},"excerpt":{"rendered":"<p>La movilidad de \u00c1ngel en Finlandia ya ha superado su ecuador, y no podemos estar m\u00e1s contentos con c\u00f3mo se est\u00e1 desarrollando su experiencia. Est\u00e1 aprovechando al m\u00e1ximo esta oportunidad, tanto a nivel profesional como personal, aprendiendo y creciendo en un entorno nuevo y enriquecedor. \u00c1ngel realiza su formaci\u00f3n en una empresa forestal que lleva [&hellip;]<\/p>\n","protected":false},"author":1689,"featured_media":0,"comment_status":"open","ping_status":"open","sticky":false,"template":"","format":"standard","meta":{"footnotes":""},"categories":[1,16,10,9],"tags":[],"class_list":["post-580","post","type-post","status-publish","format-standard","hentry","category-sin-categoria","category-curso-2024-25","category-finlandia","category-nuestro-ies"],"_links":{"self":[{"href":"https:\/\/edublog.educastur.es\/erasmusiesconcejodetineo\/wp-json\/wp\/v2\/posts\/580","targetHints":{"allow":["GET"]}}],"collection":[{"href":"https:\/\/edublog.educastur.es\/erasmusiesconcejodetineo\/wp-json\/wp\/v2\/posts"}],"about":[{"href":"https:\/\/edublog.educastur.es\/erasmusiesconcejodetineo\/wp-json\/wp\/v2\/types\/post"}],"author":[{"embeddable":true,"href":"https:\/\/edublog.educastur.es\/erasmusiesconcejodetineo\/wp-json\/wp\/v2\/users\/1689"}],"replies":[{"embeddable":true,"href":"https:\/\/edublog.educastur.es\/erasmusiesconcejodetineo\/wp-json\/wp\/v2\/comments?post=580"}],"version-history":[{"count":2,"href":"https:\/\/edublog.educastur.es\/erasmusiesconcejodetineo\/wp-json\/wp\/v2\/posts\/580\/revisions"}],"predecessor-version":[{"id":584,"href":"https:\/\/edublog.educastur.es\/erasmusiesconcejodetineo\/wp-json\/wp\/v2\/posts\/580\/revisions\/584"}],"wp:attachment":[{"href":"https:\/\/edublog.educastur.es\/erasmusiesconcejodetineo\/wp-json\/wp\/v2\/media?parent=580"}],"wp:term":[{"taxonomy":"category","embeddable":true,"href":"https:\/\/edublog.educastur.es\/erasmusiesconcejodetineo\/wp-json\/wp\/v2\/categories?post=580"},{"taxonomy":"post_tag","embeddable":true,"href":"https:\/\/edublog.educastur.es\/erasmusiesconcejodetineo\/wp-json\/wp\/v2\/tags?post=580"}],"curies":[{"name":"wp","href":"https:\/\/api.w.org\/{rel}","templated":true}]}}