{"id":38,"date":"2020-10-05T13:26:54","date_gmt":"2020-10-05T13:26:54","guid":{"rendered":"https:\/\/edublog.educastur.es\/erianos\/?p=38"},"modified":"2020-10-08T18:35:51","modified_gmt":"2020-10-08T18:35:51","slug":"reportajes-en-la-naturaleza","status":"publish","type":"post","link":"https:\/\/edublog.educastur.es\/erianos\/2020\/10\/05\/reportajes-en-la-naturaleza\/","title":{"rendered":"REPORTAJES EN LA NATURALEZA"},"content":{"rendered":"<div class=\"entry\">\n<p>A continuaci\u00f3n os mostramos\u00a0 presentaciones\u00a0 realizadas por los alumnos de 6\u00ba sobre la adaptaci\u00f3n al medio de algunos animales mediante la migraci\u00f3n y la hibernaci\u00f3n.<\/p>\n<p><a href=\"https:\/\/educastur-my.sharepoint.com\/personal\/cplaeria_educastur_org\/Documents\/LOMCE%206%C2%BA\/3%C2%BA%20TRIMESTRE%202019-20\/1.-LENGUA\/Reportajes\/Reportaje_Lince_erizo.pdf\" target=\"_blank\" rel=\"noopener noreferrer\">-El lince y el erizo.<\/a><\/p>\n<p><a href=\"https:\/\/sway.office.com\/CsRiV2GcDzucLjdD?ref=Link\" target=\"_blank\" rel=\"noopener noreferrer\">-La ballena corcobada y el caracol <\/a><\/p>\n<p><a href=\"https:\/\/educastur-my.sharepoint.com\/personal\/cplaeria_educastur_org\/Documents\/LOMCE%206%C2%BA\/3%C2%BA%20TRIMESTRE%202019-20\/1.-LENGUA\/Reportajes\/los%20Nocilleros_Golondrian_Abeja.pdf\" target=\"_blank\" rel=\"noopener noreferrer\">-La golondrina y la abeja.<\/a><\/p>\n<p><a href=\"https:\/\/sway.office.com\/54fwJpcVIvlSEKI0?ref=Link\" target=\"_blank\" rel=\"noopener noreferrer\">-El murci\u00e9lago y el \u00f1u <\/a><\/p>\n<p><a href=\"https:\/\/sway.office.com\/cFm112qlRIOSvBIl?ref=Link\" target=\"_blank\" rel=\"noopener noreferrer\">-La mariposa monarca y la marmota.<\/a><\/p>\n<p><a href=\"https:\/\/sway.office.com\/tV0WsCprPOMYu9Wf?ref=Link\" target=\"_blank\" rel=\"noopener noreferrer\">-El oso pardo y la cig\u00fce\u00f1a <\/a><\/p>\n<\/div>\n<p>&nbsp;<\/p>\n","protected":false},"excerpt":{"rendered":"<p>A continuaci\u00f3n os mostramos\u00a0 presentaciones\u00a0 realizadas por los alumnos de 6\u00ba sobre la adaptaci\u00f3n al medio de algunos animales mediante la migraci\u00f3n y la hibernaci\u00f3n. -El lince y el erizo. -La ballena corcobada y el caracol -La golondrina y la abeja. -El murci\u00e9lago y el \u00f1u -La mariposa monarca y la marmota. -El oso pardo [&hellip;]<\/p>\n","protected":false},"author":483,"featured_media":42,"comment_status":"open","ping_status":"open","sticky":false,"template":"","format":"standard","meta":{"footnotes":""},"categories":[2],"tags":[],"class_list":["post-38","post","type-post","status-publish","format-standard","has-post-thumbnail","hentry","category-ciencias-naturales"],"_links":{"self":[{"href":"https:\/\/edublog.educastur.es\/erianos\/wp-json\/wp\/v2\/posts\/38","targetHints":{"allow":["GET"]}}],"collection":[{"href":"https:\/\/edublog.educastur.es\/erianos\/wp-json\/wp\/v2\/posts"}],"about":[{"href":"https:\/\/edublog.educastur.es\/erianos\/wp-json\/wp\/v2\/types\/post"}],"author":[{"embeddable":true,"href":"https:\/\/edublog.educastur.es\/erianos\/wp-json\/wp\/v2\/users\/483"}],"replies":[{"embeddable":true,"href":"https:\/\/edublog.educastur.es\/erianos\/wp-json\/wp\/v2\/comments?post=38"}],"version-history":[{"count":3,"href":"https:\/\/edublog.educastur.es\/erianos\/wp-json\/wp\/v2\/posts\/38\/revisions"}],"predecessor-version":[{"id":64,"href":"https:\/\/edublog.educastur.es\/erianos\/wp-json\/wp\/v2\/posts\/38\/revisions\/64"}],"wp:featuredmedia":[{"embeddable":true,"href":"https:\/\/edublog.educastur.es\/erianos\/wp-json\/wp\/v2\/media\/42"}],"wp:attachment":[{"href":"https:\/\/edublog.educastur.es\/erianos\/wp-json\/wp\/v2\/media?parent=38"}],"wp:term":[{"taxonomy":"category","embeddable":true,"href":"https:\/\/edublog.educastur.es\/erianos\/wp-json\/wp\/v2\/categories?post=38"},{"taxonomy":"post_tag","embeddable":true,"href":"https:\/\/edublog.educastur.es\/erianos\/wp-json\/wp\/v2\/tags?post=38"}],"curies":[{"name":"wp","href":"https:\/\/api.w.org\/{rel}","templated":true}]}}