{"id":106,"date":"2020-06-30T12:08:18","date_gmt":"2020-06-30T12:08:18","guid":{"rendered":"https:\/\/edublog.educastur.es\/espaolparatodosytodas\/?p=106"},"modified":"2021-01-29T17:36:30","modified_gmt":"2021-01-29T17:36:30","slug":"23-de-abril-dia-internacional-del-libro","status":"publish","type":"post","link":"https:\/\/edublog.educastur.es\/espaolparatodosytodas\/2020\/06\/30\/23-de-abril-dia-internacional-del-libro\/","title":{"rendered":"23 de abril, D\u00eda Internacional del Libro"},"content":{"rendered":"<p style=\"text-align: justify\">Desde 1995, el d\u00eda 23\u00a0 de abril de cada a\u00f1o se celebra el\u00a0<b>D\u00eda Internacional del Libro y del Derecho de Autor<\/b>, con la finalidad de fomentar la lectura, la industria editorial as\u00ed como la protecci\u00f3n de la propiedad intelectual por medio del derecho de autor.<\/p>\n<p><img loading=\"lazy\" decoding=\"async\" class=\"alignnone size-full wp-image-213\" src=\"http:\/\/edublog.educastur.es\/espaolparatodosytodas\/files\/2020\/06\/di\u0301alibro.jpg\" alt=\"\" width=\"1024\" height=\"710\" srcset=\"https:\/\/edublog.educastur.es\/espaolparatodosytodas\/files\/2020\/06\/di\u0301alibro.jpg 1024w, https:\/\/edublog.educastur.es\/espaolparatodosytodas\/files\/2020\/06\/di\u0301alibro-300x208.jpg 300w, https:\/\/edublog.educastur.es\/espaolparatodosytodas\/files\/2020\/06\/di\u0301alibro-768x533.jpg 768w, https:\/\/edublog.educastur.es\/espaolparatodosytodas\/files\/2020\/06\/di\u0301alibro-900x624.jpg 900w\" sizes=\"auto, (max-width: 1024px) 100vw, 1024px\" \/><\/p>\n<p style=\"text-align: justify\"><b>Es una celebraci\u00f3n internacional promovida por la UNESCO.<\/b><\/p>\n<p style=\"text-align: justify\">Se eligi\u00f3 el 23 de abril porque supuestamente coincide con el fallecimiento de Miguel de Cervantes, William Shakespeare y el Inca Garcilaso de la Vega en la misma fecha en el a\u00f1o 1616.<\/p>\n<p style=\"text-align: center\"><img loading=\"lazy\" decoding=\"async\" class=\"wp-image-215 alignnone\" src=\"http:\/\/edublog.educastur.es\/espaolparatodosytodas\/files\/2020\/06\/cervantes.jpeg\" alt=\"\" width=\"167\" height=\"167\" srcset=\"https:\/\/edublog.educastur.es\/espaolparatodosytodas\/files\/2020\/06\/cervantes.jpeg 225w, https:\/\/edublog.educastur.es\/espaolparatodosytodas\/files\/2020\/06\/cervantes-150x150.jpeg 150w, https:\/\/edublog.educastur.es\/espaolparatodosytodas\/files\/2020\/06\/cervantes-88x88.jpeg 88w\" sizes=\"auto, (max-width: 167px) 100vw, 167px\" \/>\u00a0Cervantes\u00a0 <img loading=\"lazy\" decoding=\"async\" class=\"wp-image-216 alignnone\" src=\"http:\/\/edublog.educastur.es\/espaolparatodosytodas\/files\/2020\/06\/shakespeare.jpeg\" alt=\"\" width=\"139\" height=\"178\" \/>\u00a0 \u00a0Shakespeare<\/p>\n<p style=\"text-align: center\"><img loading=\"lazy\" decoding=\"async\" class=\"wp-image-217 aligncenter\" src=\"http:\/\/edublog.educastur.es\/espaolparatodosytodas\/files\/2020\/06\/inca-garcilaso.jpeg\" alt=\"\" width=\"122\" height=\"169\" \/>\u00a0Inca Garcilaso de la Vega<\/p>\n<p style=\"text-align: justify\">En algunas ciudades, como Barcelona, se celebra tambi\u00e9n en esta fecha el\u00a0<i>D\u00eda de Sant Jordi<\/i>.\u00a0 Se combina la cultura y el romanticismo, ya que se celebra el d\u00eda del libro y el d\u00eda de los enamorados. La costumbres es que las parejas intercambien regalos: los hombres reciben libros y las mujeres una rosa, aunque cada vez est\u00e1 m\u00e1s extendido que tanto hombres como mujeres se regalen libros y rosas.<\/p>\n<p><img loading=\"lazy\" decoding=\"async\" class=\"alignnone size-full wp-image-218\" src=\"http:\/\/edublog.educastur.es\/espaolparatodosytodas\/files\/2020\/06\/librorosa.jpeg\" alt=\"\" width=\"222\" height=\"227\" \/><\/p>\n<p><b>Actividades que podemos realizar en cualquier lugar:<\/b><\/p>\n<p style=\"text-align: justify\"><b>1.-\u00a0 Cuentacuentos y\/o taller de juegos de expresi\u00f3n oral:\u00a0<\/b>\u00a0podemos contar cuentos a\u00f1adiendo personajes nuevos, cambiando el final; imaginar e idear nuevos cuentos, empezarlos y que otro los contin\u00fae; hacer juegos de palabras&#8230;<\/p>\n<p style=\"text-align: justify\"><b>2.- Leer citas c\u00e9lebres:\u00a0<\/b>ver frases o citas c\u00e9lebres sobre libros, escritura, bibliotecas, escritores&#8230; Podemos escribirlas en pergaminos, hojas y regalarlas a nuestros amigos; tambi\u00e9n podemos crear nuestra propia cita.<\/p>\n<p style=\"text-align: justify\"><a href=\"https:\/\/www.youtube.com\/watch?v=xf2MPkf5l0Q\">https:\/\/www.youtube.com\/watch?v=xf2MPkf5l0Q<\/a><\/p>\n<p style=\"text-align: justify\"><b>3.- Jugar con adivinanzas o trabalenguas.<\/b><\/p>\n<p style=\"text-align: justify\">Adivinanzas\u00a0<a href=\"https:\/\/www.youtube.com\/watch?v=cz7l5hl7RLU\">https:\/\/www.youtube.com\/watch?v=cz7l5hl7RLU<\/a><\/p>\n<p style=\"text-align: justify\">Trabalenguas\u00a0<a href=\"https:\/\/www.youtube.com\/watch?v=flQguql3uOw\">https:\/\/www.youtube.com\/watch?v=flQguql3uOw<\/a><\/p>\n<p style=\"text-align: justify\"><b>4.- Dramatizar o teatralizar, taller de teatro<\/b>: podemos leer una obra de teatro, inventarla, escenificarla, hacer m\u00e1scaras, caretas, t\u00edteres o marionetas&#8230;<\/p>\n<p style=\"text-align: justify\"><img loading=\"lazy\" decoding=\"async\" class=\"alignnone size-full wp-image-219\" src=\"http:\/\/edublog.educastur.es\/espaolparatodosytodas\/files\/2020\/06\/teatro.jpg\" alt=\"\" width=\"500\" height=\"375\" srcset=\"https:\/\/edublog.educastur.es\/espaolparatodosytodas\/files\/2020\/06\/teatro.jpg 500w, https:\/\/edublog.educastur.es\/espaolparatodosytodas\/files\/2020\/06\/teatro-300x225.jpg 300w\" sizes=\"auto, (max-width: 500px) 100vw, 500px\" \/><\/p>\n<p style=\"text-align: justify\"><b>5.- Ilustrar cuentos<\/b>: elegimos un cuento, seleccionamos las escenas m\u00e1s importantes y las pintamos. Luego contamos el cuento utilizando los dibujos y las ilustraciones que hemos creado.<\/p>\n<p style=\"text-align: justify\"><a href=\"https:\/\/www.youtube.com\/watch?v=h9ny54y-FUs\">https:\/\/www.youtube.com\/watch?v=h9ny54y-FUs<\/a><\/p>\n<p style=\"text-align: justify\"><b>6.-\u00a0 Taller de poes\u00eda o escritura creativa<\/b>: podemos leer poemas, elegir un tema y crear nuestras propias composiciones. Tambi\u00e9n podemos elegir cualquier g\u00e9nero e inventar o crear una nueva historia.<\/p>\n<p style=\"text-align: justify\"><img loading=\"lazy\" decoding=\"async\" class=\"alignnone size-full wp-image-221\" src=\"http:\/\/edublog.educastur.es\/espaolparatodosytodas\/files\/2020\/06\/escribir-1.jpg\" alt=\"\" width=\"626\" height=\"417\" srcset=\"https:\/\/edublog.educastur.es\/espaolparatodosytodas\/files\/2020\/06\/escribir-1.jpg 626w, https:\/\/edublog.educastur.es\/espaolparatodosytodas\/files\/2020\/06\/escribir-1-300x200.jpg 300w\" sizes=\"auto, (max-width: 626px) 100vw, 626px\" \/><\/p>\n<p style=\"text-align: justify\"><b>7.- Ficheros de libros<\/b>: preparamos fichas bibliogr\u00e1ficas de los libros que m\u00e1s nos gustan y hacemos ficheros de poes\u00eda, narrativa, teatro, ensayo&#8230;<\/p>\n<p style=\"text-align: justify\"><b>8.- Recomendaci\u00f3n de libros<\/b>: todos tenemos cuentos, novelas, poemas que nos gustan, podemos recomendarlos para que nuestros amigos, familiares, tambi\u00e9n los lean y disfruten de un momento muy agradable.<\/p>\n<p style=\"text-align: justify\"><b>9.- Grabaci\u00f3n de audiolibros<\/b>: consiste en elegir un libro o cuento que nos guste y grabarlo con nuestra propia voz para que luego lo podamos escuchar.<\/p>\n<p style=\"text-align: justify\"><img loading=\"lazy\" decoding=\"async\" class=\"alignnone size-full wp-image-222\" src=\"http:\/\/edublog.educastur.es\/espaolparatodosytodas\/files\/2020\/06\/grabar.jpg\" alt=\"\" width=\"980\" height=\"552\" srcset=\"https:\/\/edublog.educastur.es\/espaolparatodosytodas\/files\/2020\/06\/grabar.jpg 980w, https:\/\/edublog.educastur.es\/espaolparatodosytodas\/files\/2020\/06\/grabar-300x169.jpg 300w, https:\/\/edublog.educastur.es\/espaolparatodosytodas\/files\/2020\/06\/grabar-768x433.jpg 768w, https:\/\/edublog.educastur.es\/espaolparatodosytodas\/files\/2020\/06\/grabar-900x507.jpg 900w\" sizes=\"auto, (max-width: 980px) 100vw, 980px\" \/><\/p>\n<p style=\"text-align: justify\"><b>10.- Rodaje de un anuncio publicitario<\/b>\u00a0para promocionar la lectura, el libro, o aquellos que consideremos que est\u00e1 relacionado con \u00e9l. Es una manera divertida de acercarnos al mundo de la animaci\u00f3n a la lectura.<\/p>\n<p style=\"text-align: justify\"><b>11.- Taller de marcap\u00e1ginas<\/b>: podemos utilizar una cartulina blanca o un folio, recortarlo y decorarlo para que nos sirva de separador de p\u00e1ginas. Ser\u00e1 nuestro marcapaginas personal.<\/p>\n<p><img loading=\"lazy\" decoding=\"async\" class=\"aligncenter wp-image-223 size-medium\" src=\"http:\/\/edublog.educastur.es\/espaolparatodosytodas\/files\/2020\/06\/marcapaginas-300x160.jpg\" alt=\"\" width=\"300\" height=\"160\" srcset=\"https:\/\/edublog.educastur.es\/espaolparatodosytodas\/files\/2020\/06\/marcapaginas-300x160.jpg 300w, https:\/\/edublog.educastur.es\/espaolparatodosytodas\/files\/2020\/06\/marcapaginas.jpg 750w\" sizes=\"auto, (max-width: 300px) 100vw, 300px\" \/><\/p>\n<p style=\"text-align: justify\">\n<p style=\"text-align: justify\"><b>12.- Gymkana de cuentos.\u00a0<\/b>Se trata de realizar diferentes actividades:<\/p>\n<p style=\"text-align: justify\">&#8211; Elegir un cuento o una poes\u00eda sin las vocales y tratar de leerlo colocando las vocales adecuadas.<\/p>\n<p style=\"text-align: justify\">&#8211; Mim\u00edca del cuento. A trav\u00e9s de la expresi\u00f3n corporal tratar de que el grupo o los compa\u00f1eros adivinen el cuento.<\/p>\n<p style=\"text-align: justify\">&#8211; Adivina el cuento. A partir de un peque\u00f1o fragmento adivinar de qu\u00e9 cuento se trata.<\/p>\n<p style=\"text-align: justify\">&#8211; Ahorcado de cuentos.<\/p>\n<p style=\"text-align: justify\">Esperamos que todas estas actividades os hayan sido de utilidad, ahora a leer&#8230;<\/p>\n<p><img loading=\"lazy\" decoding=\"async\" class=\"alignnone size-full wp-image-224\" src=\"http:\/\/edublog.educastur.es\/espaolparatodosytodas\/files\/2020\/06\/dia.jpg\" alt=\"\" width=\"630\" height=\"639\" srcset=\"https:\/\/edublog.educastur.es\/espaolparatodosytodas\/files\/2020\/06\/dia.jpg 630w, https:\/\/edublog.educastur.es\/espaolparatodosytodas\/files\/2020\/06\/dia-296x300.jpg 296w, https:\/\/edublog.educastur.es\/espaolparatodosytodas\/files\/2020\/06\/dia-88x88.jpg 88w\" sizes=\"auto, (max-width: 630px) 100vw, 630px\" \/><\/p>\n","protected":false},"excerpt":{"rendered":"<p>Desde 1995, el d\u00eda 23\u00a0 de abril de cada a\u00f1o se celebra el\u00a0D\u00eda Internacional del Libro y del Derecho de Autor, con la finalidad de fomentar la lectura, la industria editorial as\u00ed como la protecci\u00f3n de la propiedad intelectual por medio del derecho de autor. Es una celebraci\u00f3n internacional promovida por la UNESCO. Se eligi\u00f3 [&hellip;]<\/p>\n","protected":false},"author":36,"featured_media":0,"comment_status":"closed","ping_status":"open","sticky":false,"template":"","format":"standard","meta":{"footnotes":""},"categories":[1],"tags":[],"class_list":["post-106","post","type-post","status-publish","format-standard","hentry","category-sin-categoria"],"_links":{"self":[{"href":"https:\/\/edublog.educastur.es\/espaolparatodosytodas\/wp-json\/wp\/v2\/posts\/106","targetHints":{"allow":["GET"]}}],"collection":[{"href":"https:\/\/edublog.educastur.es\/espaolparatodosytodas\/wp-json\/wp\/v2\/posts"}],"about":[{"href":"https:\/\/edublog.educastur.es\/espaolparatodosytodas\/wp-json\/wp\/v2\/types\/post"}],"author":[{"embeddable":true,"href":"https:\/\/edublog.educastur.es\/espaolparatodosytodas\/wp-json\/wp\/v2\/users\/36"}],"replies":[{"embeddable":true,"href":"https:\/\/edublog.educastur.es\/espaolparatodosytodas\/wp-json\/wp\/v2\/comments?post=106"}],"version-history":[{"count":5,"href":"https:\/\/edublog.educastur.es\/espaolparatodosytodas\/wp-json\/wp\/v2\/posts\/106\/revisions"}],"predecessor-version":[{"id":225,"href":"https:\/\/edublog.educastur.es\/espaolparatodosytodas\/wp-json\/wp\/v2\/posts\/106\/revisions\/225"}],"wp:attachment":[{"href":"https:\/\/edublog.educastur.es\/espaolparatodosytodas\/wp-json\/wp\/v2\/media?parent=106"}],"wp:term":[{"taxonomy":"category","embeddable":true,"href":"https:\/\/edublog.educastur.es\/espaolparatodosytodas\/wp-json\/wp\/v2\/categories?post=106"},{"taxonomy":"post_tag","embeddable":true,"href":"https:\/\/edublog.educastur.es\/espaolparatodosytodas\/wp-json\/wp\/v2\/tags?post=106"}],"curies":[{"name":"wp","href":"https:\/\/api.w.org\/{rel}","templated":true}]}}