{"id":154,"date":"2020-06-30T20:11:04","date_gmt":"2020-06-30T20:11:04","guid":{"rendered":"https:\/\/edublog.educastur.es\/espaolparatodosytodas\/?p=154"},"modified":"2021-01-29T17:39:54","modified_gmt":"2021-01-29T17:39:54","slug":"5-de-junio-dia-mundial-del-medio-ambiente","status":"publish","type":"post","link":"https:\/\/edublog.educastur.es\/espaolparatodosytodas\/2020\/06\/30\/5-de-junio-dia-mundial-del-medio-ambiente\/","title":{"rendered":"5 DE JUNIO D\u00cdA MUNDIAL DEL MEDIO AMBIENTE"},"content":{"rendered":"<p><a title=\"5-de-junio-dia-mundial-del-medio-ambiente-191951-1_768.jpg\" href=\"http:\/\/blog.educastur.es\/aulainmersion2020\/2020\/06\/05\/5-de-junio-dia-mundial-del-medio-ambiente\/330\/\" rel=\"attachment wp-att-330\"><img loading=\"lazy\" decoding=\"async\" class=\"alignnone size-full wp-image-226\" src=\"http:\/\/edublog.educastur.es\/espaolparatodosytodas\/files\/2020\/06\/medioambiente.jpeg\" alt=\"\" width=\"1254\" height=\"550\" srcset=\"https:\/\/edublog.educastur.es\/espaolparatodosytodas\/files\/2020\/06\/medioambiente.jpeg 1254w, https:\/\/edublog.educastur.es\/espaolparatodosytodas\/files\/2020\/06\/medioambiente-300x132.jpeg 300w, https:\/\/edublog.educastur.es\/espaolparatodosytodas\/files\/2020\/06\/medioambiente-1024x449.jpeg 1024w, https:\/\/edublog.educastur.es\/espaolparatodosytodas\/files\/2020\/06\/medioambiente-768x337.jpeg 768w, https:\/\/edublog.educastur.es\/espaolparatodosytodas\/files\/2020\/06\/medioambiente-900x395.jpeg 900w\" sizes=\"auto, (max-width: 1254px) 100vw, 1254px\" \/><\/a><\/p>\n<p style=\"text-align: justify\"><b>Desde 1974, el 5 de junio<\/b>\u00a0se ha convertido en una plataforma global de alcance p\u00fablico que re\u00fane a gobiernos, empresas, celebridades y ciudadanos en torno a un asunto ambiental apremiante.\u00a0En 2020 el tema es la biodiversidad \u2013motivo de preocupaci\u00f3n tanto urgente como existencial\u2013. \u00bfQu\u00e9 es la\u00a0<b>biodiversidad<\/b>?<\/p>\n<p style=\"text-align: justify\">La\u00a0<b>biodiversidad<\/b>\u00a0es la base que sustenta toda la vida en la tierra y debajo del agua. Tiene relaci\u00f3n con todos los aspectos de la salud humana. Proporciona agua y aire limpios, alimentos nutritivos, conocimiento cient\u00edfico y fuentes de medicamentos, resistencia a enfermedades naturales y mitigaci\u00f3n del cambio clim\u00e1tico. Cambiar o eliminar un elemento en esta intrincada red afecta todo el sistema de vida y puede producir consecuencias negativas.<\/p>\n<p><img loading=\"lazy\" decoding=\"async\" class=\"alignnone size-full wp-image-228\" src=\"http:\/\/edublog.educastur.es\/espaolparatodosytodas\/files\/2020\/06\/bio.jpeg\" alt=\"\" width=\"293\" height=\"172\" \/><\/p>\n<p style=\"text-align: justify\">Eventos recientes, como los incendios forestales sin precedentes en Brasil, California y Australia, la invasi\u00f3n de langostas en el Cuerno de \u00c1frica y ahora la pandemia de COVID-19, demuestran la relaci\u00f3n inextricable entre los humanos y las redes de la vida en las que vivimos.<\/p>\n<p><img loading=\"lazy\" decoding=\"async\" class=\"alignnone size-full wp-image-229\" src=\"http:\/\/edublog.educastur.es\/espaolparatodosytodas\/files\/2020\/06\/bio.jpg\" alt=\"\" width=\"800\" height=\"600\" srcset=\"https:\/\/edublog.educastur.es\/espaolparatodosytodas\/files\/2020\/06\/bio.jpg 800w, https:\/\/edublog.educastur.es\/espaolparatodosytodas\/files\/2020\/06\/bio-300x225.jpg 300w, https:\/\/edublog.educastur.es\/espaolparatodosytodas\/files\/2020\/06\/bio-768x576.jpg 768w\" sizes=\"auto, (max-width: 800px) 100vw, 800px\" \/><\/p>\n<p style=\"text-align: justify\">La variedad de alimentos que comemos, el aire que respiramos, el agua que bebemos y el clima que hace posible nuestra vida en el planeta, no existir\u00edan sin los servicios de la naturaleza. Por ejemplo, cada a\u00f1o, las plantas marinas producen m\u00e1s de la mitad del ox\u00edgeno de nuestra atm\u00f3sfera, y un \u00e1rbol es capaz de limpiar nuestro aire absorbiendo 22 kilos de di\u00f3xido de carbono y liberando ox\u00edgeno a cambio. A pesar de todos los beneficios que nos brinda nuestra naturaleza, todav\u00eda la maltratamos, por eso necesitamos trabajar en ella. Por eso necesitamos este D\u00eda Internacional.<\/p>\n<p><img loading=\"lazy\" decoding=\"async\" class=\"alignnone size-full wp-image-230\" src=\"http:\/\/edublog.educastur.es\/espaolparatodosytodas\/files\/2020\/06\/medio.jpg\" alt=\"\" width=\"1170\" height=\"878\" srcset=\"https:\/\/edublog.educastur.es\/espaolparatodosytodas\/files\/2020\/06\/medio.jpg 1170w, https:\/\/edublog.educastur.es\/espaolparatodosytodas\/files\/2020\/06\/medio-300x225.jpg 300w, https:\/\/edublog.educastur.es\/espaolparatodosytodas\/files\/2020\/06\/medio-1024x768.jpg 1024w, https:\/\/edublog.educastur.es\/espaolparatodosytodas\/files\/2020\/06\/medio-768x576.jpg 768w, https:\/\/edublog.educastur.es\/espaolparatodosytodas\/files\/2020\/06\/medio-900x675.jpg 900w\" sizes=\"auto, (max-width: 1170px) 100vw, 1170px\" \/><\/p>\n","protected":false},"excerpt":{"rendered":"<p>Desde 1974, el 5 de junio\u00a0se ha convertido en una plataforma global de alcance p\u00fablico que re\u00fane a gobiernos, empresas, celebridades y ciudadanos en torno a un asunto ambiental apremiante.\u00a0En 2020 el tema es la biodiversidad \u2013motivo de preocupaci\u00f3n tanto urgente como existencial\u2013. \u00bfQu\u00e9 es la\u00a0biodiversidad? La\u00a0biodiversidad\u00a0es la base que sustenta toda la vida en [&hellip;]<\/p>\n","protected":false},"author":36,"featured_media":0,"comment_status":"closed","ping_status":"open","sticky":false,"template":"","format":"standard","meta":{"footnotes":""},"categories":[1],"tags":[],"class_list":["post-154","post","type-post","status-publish","format-standard","hentry","category-sin-categoria"],"_links":{"self":[{"href":"https:\/\/edublog.educastur.es\/espaolparatodosytodas\/wp-json\/wp\/v2\/posts\/154","targetHints":{"allow":["GET"]}}],"collection":[{"href":"https:\/\/edublog.educastur.es\/espaolparatodosytodas\/wp-json\/wp\/v2\/posts"}],"about":[{"href":"https:\/\/edublog.educastur.es\/espaolparatodosytodas\/wp-json\/wp\/v2\/types\/post"}],"author":[{"embeddable":true,"href":"https:\/\/edublog.educastur.es\/espaolparatodosytodas\/wp-json\/wp\/v2\/users\/36"}],"replies":[{"embeddable":true,"href":"https:\/\/edublog.educastur.es\/espaolparatodosytodas\/wp-json\/wp\/v2\/comments?post=154"}],"version-history":[{"count":3,"href":"https:\/\/edublog.educastur.es\/espaolparatodosytodas\/wp-json\/wp\/v2\/posts\/154\/revisions"}],"predecessor-version":[{"id":231,"href":"https:\/\/edublog.educastur.es\/espaolparatodosytodas\/wp-json\/wp\/v2\/posts\/154\/revisions\/231"}],"wp:attachment":[{"href":"https:\/\/edublog.educastur.es\/espaolparatodosytodas\/wp-json\/wp\/v2\/media?parent=154"}],"wp:term":[{"taxonomy":"category","embeddable":true,"href":"https:\/\/edublog.educastur.es\/espaolparatodosytodas\/wp-json\/wp\/v2\/categories?post=154"},{"taxonomy":"post_tag","embeddable":true,"href":"https:\/\/edublog.educastur.es\/espaolparatodosytodas\/wp-json\/wp\/v2\/tags?post=154"}],"curies":[{"name":"wp","href":"https:\/\/api.w.org\/{rel}","templated":true}]}}