{"id":25,"date":"2023-05-13T14:04:33","date_gmt":"2023-05-13T14:04:33","guid":{"rendered":"https:\/\/edublog.educastur.es\/fmecanica\/?p=25"},"modified":"2024-06-20T20:26:51","modified_gmt":"2024-06-20T20:26:51","slug":"cfgs-programacion-de-la-produccion-en-f-mecanica-que-es","status":"publish","type":"post","link":"https:\/\/edublog.educastur.es\/fmecanica\/2023\/05\/13\/cfgs-programacion-de-la-produccion-en-f-mecanica-que-es\/","title":{"rendered":"CFGS Programaci\u00f3n de la Producci\u00f3n en F. Mec\u00e1nica \u00bfQu\u00e9 es?"},"content":{"rendered":"<p><a style=\"color: #005177\" href=\"https:\/\/drive.google.com\/file\/d\/1nuwSM1R5h9ab_khclVOcHAwFMn1OLzSx\/view?usp=share_link\" target=\"_blank\" rel=\"noopener\"><img loading=\"lazy\" decoding=\"async\" class=\"alignnone size-full wp-image-16\" src=\"http:\/\/edublog.educastur.es\/fmecanica\/files\/2023\/05\/llupa2.jpg\" alt=\"\" width=\"49\" height=\"48\" \/> <span style=\"color: #800000\">Ciclo de Grado Superior <\/span><\/a><span style=\"color: #800000\"><a style=\"color: #800000\" href=\"https:\/\/drive.google.com\/file\/d\/1DBzFTR7hr8XR1Xav2i4pNgKh2dakrpVj\/view?usp=sharing\" target=\"_blank\" rel=\"noopener\">Tr\u00edptico informativo. Curso 2024-2025<\/a><\/span><\/p>\n<p><a href=\"https:\/\/drive.google.com\/file\/d\/12F5zZpL7exd8mPuXwok_zNIVnbGz7L64\/view?usp=share_link\" target=\"_blank\" rel=\"noopener\">\u00a0\u00a0\u00a0<\/a><a href=\"https:\/\/drive.google.com\/file\/d\/1DBzFTR7hr8XR1Xav2i4pNgKh2dakrpVj\/view?usp=sharing\" target=\"_blank\" rel=\"noopener\"><img loading=\"lazy\" decoding=\"async\" class=\"alignnone wp-image-36 size-large\" src=\"http:\/\/edublog.educastur.es\/fmecanica\/files\/2023\/05\/2programacion-produccion-2023-24-1024x724.jpg\" alt=\"\" width=\"640\" height=\"453\" srcset=\"https:\/\/edublog.educastur.es\/fmecanica\/files\/2023\/05\/2programacion-produccion-2023-24-1024x724.jpg 1024w, https:\/\/edublog.educastur.es\/fmecanica\/files\/2023\/05\/2programacion-produccion-2023-24-300x212.jpg 300w, https:\/\/edublog.educastur.es\/fmecanica\/files\/2023\/05\/2programacion-produccion-2023-24-768x543.jpg 768w, https:\/\/edublog.educastur.es\/fmecanica\/files\/2023\/05\/2programacion-produccion-2023-24-1536x1086.jpg 1536w, https:\/\/edublog.educastur.es\/fmecanica\/files\/2023\/05\/2programacion-produccion-2023-24-1568x1109.jpg 1568w, https:\/\/edublog.educastur.es\/fmecanica\/files\/2023\/05\/2programacion-produccion-2023-24.jpg 1871w\" sizes=\"auto, (max-width: 640px) 100vw, 640px\" \/><\/a><\/p>\n<p>&nbsp;<\/p>\n","protected":false},"excerpt":{"rendered":"<p>Ciclo de Grado Superior Tr\u00edptico informativo. Curso 2024-2025 \u00a0\u00a0\u00a0 &nbsp;<\/p>\n","protected":false},"author":134,"featured_media":0,"comment_status":"open","ping_status":"open","sticky":false,"template":"","format":"standard","meta":{"footnotes":""},"categories":[1],"tags":[7,5,6],"class_list":["post-25","post","type-post","status-publish","format-standard","hentry","category-sin-categoria","tag-cfgs","tag-matricula-fp","tag-programacion-de-la-produccion-en-fabricacion-mecanica","post-preview"],"_links":{"self":[{"href":"https:\/\/edublog.educastur.es\/fmecanica\/wp-json\/wp\/v2\/posts\/25","targetHints":{"allow":["GET"]}}],"collection":[{"href":"https:\/\/edublog.educastur.es\/fmecanica\/wp-json\/wp\/v2\/posts"}],"about":[{"href":"https:\/\/edublog.educastur.es\/fmecanica\/wp-json\/wp\/v2\/types\/post"}],"author":[{"embeddable":true,"href":"https:\/\/edublog.educastur.es\/fmecanica\/wp-json\/wp\/v2\/users\/134"}],"replies":[{"embeddable":true,"href":"https:\/\/edublog.educastur.es\/fmecanica\/wp-json\/wp\/v2\/comments?post=25"}],"version-history":[{"count":10,"href":"https:\/\/edublog.educastur.es\/fmecanica\/wp-json\/wp\/v2\/posts\/25\/revisions"}],"predecessor-version":[{"id":167,"href":"https:\/\/edublog.educastur.es\/fmecanica\/wp-json\/wp\/v2\/posts\/25\/revisions\/167"}],"wp:attachment":[{"href":"https:\/\/edublog.educastur.es\/fmecanica\/wp-json\/wp\/v2\/media?parent=25"}],"wp:term":[{"taxonomy":"category","embeddable":true,"href":"https:\/\/edublog.educastur.es\/fmecanica\/wp-json\/wp\/v2\/categories?post=25"},{"taxonomy":"post_tag","embeddable":true,"href":"https:\/\/edublog.educastur.es\/fmecanica\/wp-json\/wp\/v2\/tags?post=25"}],"curies":[{"name":"wp","href":"https:\/\/api.w.org\/{rel}","templated":true}]}}