{"id":231,"date":"2021-11-29T12:05:05","date_gmt":"2021-11-29T12:05:05","guid":{"rendered":"https:\/\/edublog.educastur.es\/gasa\/?p=231"},"modified":"2021-11-29T12:05:05","modified_gmt":"2021-11-29T12:05:05","slug":"el-lila","status":"publish","type":"post","link":"https:\/\/edublog.educastur.es\/gasa\/2021\/11\/29\/el-lila\/","title":{"rendered":"El LILA"},"content":{"rendered":"<p>El <a href=\"https:\/\/lilasturias.com\/\">Laboratorio Interprofesional Lechero y Agroalimentario de Asturias<\/a>,\u00a0 comienza su actividad en el a\u00f1o 1991. En su \u00f3rgano de gobierno est\u00e1n representados paritariamente las industrias l\u00e1cteas del principado de Asturias y los ganaderos a trav\u00e9s de las organizaciones agrarias.<\/p>\n<p>Su cometido inicial es el an\u00e1lisis de la leche de las explotaciones asturianas de vacuno, para llevar a cabo el pago por calidad por parte de la industria a los productores.<\/p>\n<p>Su objeto social lo constituye, en general, \u00abla defensa de los intereses profesionales de las entidades asociadas, y en particular la creaci\u00f3n y gesti\u00f3n en su m\u00e1s amplia acepci\u00f3n, de un laboratorio de an\u00e1lisis de leche destinado a determinar los componentes f\u00edsico-qu\u00edmicos, as\u00ed como las calidades bacteriol\u00f3gicas, presencia de sustancias extra\u00f1as y dem\u00e1s determinaciones que se puedan realizar para un exacto conocimiento de la leche\u00bb.<\/p>\n\n<!-- iframe plugin v.6.0 wordpress.org\/plugins\/iframe\/ -->\n<iframe loading=\"lazy\" width=\"560\" height=\"315\" src=\"https:\/\/www.youtube.com\/embed\/fgphADwW7G8\" title=\"YouTube video player\" frameborder=\"0\" allow=\"accelerometer; autoplay; clipboard-write; encrypted-media; gyroscope; picture-in-picture\" 0=\"allowfullscreen&gt;&lt;\/iframe\" scrolling=\"yes\" class=\"iframe-class\"><\/iframe>\n\n<p>&nbsp;<\/p>\n","protected":false},"excerpt":{"rendered":"<p>El Laboratorio Interprofesional Lechero y Agroalimentario de Asturias,\u00a0 comienza su actividad en el a\u00f1o 1991. En su \u00f3rgano de gobierno est\u00e1n representados paritariamente las industrias l\u00e1cteas del principado de Asturias y los ganaderos a trav\u00e9s de las organizaciones agrarias. Su&#8230; <a class=\"more-link\" href=\"https:\/\/edublog.educastur.es\/gasa\/2021\/11\/29\/el-lila\/\">Seguir leyendo &rarr;<\/a><\/p>\n","protected":false},"author":638,"featured_media":0,"comment_status":"open","ping_status":"open","sticky":false,"template":"","format":"standard","meta":{"footnotes":""},"categories":[1],"tags":[],"class_list":["post-231","post","type-post","status-publish","format-standard","hentry","category-sin-categoria"],"_links":{"self":[{"href":"https:\/\/edublog.educastur.es\/gasa\/wp-json\/wp\/v2\/posts\/231","targetHints":{"allow":["GET"]}}],"collection":[{"href":"https:\/\/edublog.educastur.es\/gasa\/wp-json\/wp\/v2\/posts"}],"about":[{"href":"https:\/\/edublog.educastur.es\/gasa\/wp-json\/wp\/v2\/types\/post"}],"author":[{"embeddable":true,"href":"https:\/\/edublog.educastur.es\/gasa\/wp-json\/wp\/v2\/users\/638"}],"replies":[{"embeddable":true,"href":"https:\/\/edublog.educastur.es\/gasa\/wp-json\/wp\/v2\/comments?post=231"}],"version-history":[{"count":1,"href":"https:\/\/edublog.educastur.es\/gasa\/wp-json\/wp\/v2\/posts\/231\/revisions"}],"predecessor-version":[{"id":232,"href":"https:\/\/edublog.educastur.es\/gasa\/wp-json\/wp\/v2\/posts\/231\/revisions\/232"}],"wp:attachment":[{"href":"https:\/\/edublog.educastur.es\/gasa\/wp-json\/wp\/v2\/media?parent=231"}],"wp:term":[{"taxonomy":"category","embeddable":true,"href":"https:\/\/edublog.educastur.es\/gasa\/wp-json\/wp\/v2\/categories?post=231"},{"taxonomy":"post_tag","embeddable":true,"href":"https:\/\/edublog.educastur.es\/gasa\/wp-json\/wp\/v2\/tags?post=231"}],"curies":[{"name":"wp","href":"https:\/\/api.w.org\/{rel}","templated":true}]}}