{"id":72,"date":"2020-12-28T12:11:41","date_gmt":"2020-12-28T12:11:41","guid":{"rendered":"https:\/\/edublog.educastur.es\/gasa\/?p=72"},"modified":"2021-01-31T16:18:49","modified_gmt":"2021-01-31T16:18:49","slug":"a-debate-el-lobo-y-la-ganaderia-extensiva","status":"publish","type":"post","link":"https:\/\/edublog.educastur.es\/gasa\/2020\/12\/28\/a-debate-el-lobo-y-la-ganaderia-extensiva\/","title":{"rendered":"A debate: el lobo y la ganader\u00eda extensiva"},"content":{"rendered":"<p>El 18 de noviembre de 2020, el Ministerio para la transici\u00f3n ecol\u00f3gica y el reto demogr\u00e1fico present\u00f3 un borrador sobre la gesti\u00f3n y la protecci\u00f3n del lobo ib\u00e9rico en Espa\u00f1a. Pretende el ministerio \u00a0\u00ab<em>homogeneizar el estatus de protecci\u00f3n de la especie a nivel nacional para que la conservaci\u00f3n del lobo sea coherente en todo el territorio\u00bb<\/em> aspira incluir\u00a0 \u00ab<em>a todas las poblaciones\u00bb<\/em> de lobo en el Listado de Especies Silvestres en R\u00e9gimen de Protecci\u00f3n Especial <em>\u00a0y\u00a0<\/em> poner en marcha \u00ab<em>l\u00edneas de acci\u00f3n prioritarias para la gesti\u00f3n y conservaci\u00f3n del lobo en todo el territorio espa\u00f1ol, con el fin de asegurar sus poblaciones y distribuci\u00f3n a largo plazo y garantizar la coexistencia con el hombre\u00bb. \u00a0\u00a0<\/em><\/p>\n<p>Estas medidas chocan con los intereses de los ganaderos representados por UPA, que demandan que se escuche a sus asociados, sobre todo a los que desarrollan su trabajo al aire libre, criando y alimentando a su ganado en las praderas y pastizales, que son los grandes perjudicados por los ataques del lobo a sus animales.<\/p>\n<p>Y este es el debate, \u00bfes compatible la ganader\u00eda extensiva con la conservaci\u00f3n del lobo?<\/p>\n<p>Para que te informes<\/p>\n<h2><a href=\"https:\/\/www.miteco.gob.es\/es\/prensa\/201118elborradordelaestrategiaparalaconservacionygestiondelloboenespana_tcm30-517093.pdf\">El borrador de la Estrategia para la Conservaci\u00f3n y Gesti\u00f3n del Lobo propone su inclusi\u00f3n en el listado de Protecci\u00f3n Especial<\/a><\/h2>\n<h2><a href=\"https:\/\/www.upa.es\/upa\/noticias-upa\/Gobierno-pretension-blindar-lobo-iberico\/2020\/3507\/\">UPA pide al Gobierno \u201cracionalidad y prudencia\u201d ante las pretensiones de blindar al lobo ib\u00e9rico<\/a><\/h2>\n<p>&nbsp;<\/p>\n","protected":false},"excerpt":{"rendered":"<p>El 18 de noviembre de 2020, el Ministerio para la transici\u00f3n ecol\u00f3gica y el reto demogr\u00e1fico present\u00f3 un borrador sobre la gesti\u00f3n y la protecci\u00f3n del lobo ib\u00e9rico en Espa\u00f1a. Pretende el ministerio \u00a0\u00abhomogeneizar el estatus de protecci\u00f3n de la&#8230; <a class=\"more-link\" href=\"https:\/\/edublog.educastur.es\/gasa\/2020\/12\/28\/a-debate-el-lobo-y-la-ganaderia-extensiva\/\">Seguir leyendo &rarr;<\/a><\/p>\n","protected":false},"author":638,"featured_media":0,"comment_status":"open","ping_status":"open","sticky":false,"template":"","format":"standard","meta":{"footnotes":""},"categories":[4],"tags":[],"class_list":["post-72","post","type-post","status-publish","format-standard","hentry","category-a-debate"],"_links":{"self":[{"href":"https:\/\/edublog.educastur.es\/gasa\/wp-json\/wp\/v2\/posts\/72","targetHints":{"allow":["GET"]}}],"collection":[{"href":"https:\/\/edublog.educastur.es\/gasa\/wp-json\/wp\/v2\/posts"}],"about":[{"href":"https:\/\/edublog.educastur.es\/gasa\/wp-json\/wp\/v2\/types\/post"}],"author":[{"embeddable":true,"href":"https:\/\/edublog.educastur.es\/gasa\/wp-json\/wp\/v2\/users\/638"}],"replies":[{"embeddable":true,"href":"https:\/\/edublog.educastur.es\/gasa\/wp-json\/wp\/v2\/comments?post=72"}],"version-history":[{"count":5,"href":"https:\/\/edublog.educastur.es\/gasa\/wp-json\/wp\/v2\/posts\/72\/revisions"}],"predecessor-version":[{"id":77,"href":"https:\/\/edublog.educastur.es\/gasa\/wp-json\/wp\/v2\/posts\/72\/revisions\/77"}],"wp:attachment":[{"href":"https:\/\/edublog.educastur.es\/gasa\/wp-json\/wp\/v2\/media?parent=72"}],"wp:term":[{"taxonomy":"category","embeddable":true,"href":"https:\/\/edublog.educastur.es\/gasa\/wp-json\/wp\/v2\/categories?post=72"},{"taxonomy":"post_tag","embeddable":true,"href":"https:\/\/edublog.educastur.es\/gasa\/wp-json\/wp\/v2\/tags?post=72"}],"curies":[{"name":"wp","href":"https:\/\/api.w.org\/{rel}","templated":true}]}}