{"id":484,"date":"2022-12-21T15:54:11","date_gmt":"2022-12-21T15:54:11","guid":{"rendered":"https:\/\/edublog.educastur.es\/igualmente\/?p=484"},"modified":"2022-12-21T15:54:27","modified_gmt":"2022-12-21T15:54:27","slug":"dia-internacional-contra-la-violencia-de-genero","status":"publish","type":"post","link":"https:\/\/edublog.educastur.es\/igualmente\/2022\/12\/21\/dia-internacional-contra-la-violencia-de-genero\/","title":{"rendered":"D\u00eda Internacional contra la violencia de Genero"},"content":{"rendered":"<p>Como todos los a\u00f1os se conmemor\u00f3 en el centro el D\u00eda Internacional contra la violencia de Genero. El alumnado de FP B\u00e1sica de Alojamiento y Lavander\u00eda\u00a0 y sus profesoras participaron\u00a0 activamente en el acto interpretando la canci\u00f3n de \u00abPuerta Violeta\u00bb y <em>dibujando<\/em> una puerta violeta a modo de Photocall.<a href=\"https:\/\/edublog.educastur.es\/igualmente\/files\/2022\/12\/puerta-viole.pdf\" class=\"pdfemb-viewer\" style=\"\" data-width=\"max\" data-height=\"max\" data-toolbar=\"bottom\" data-toolbar-fixed=\"off\">puerta viole<\/a><\/p>\n","protected":false},"excerpt":{"rendered":"<p>Como todos los a\u00f1os se conmemor\u00f3 en el centro el D\u00eda Internacional contra la violencia de Genero. El alumnado de FP B\u00e1sica de Alojamiento y Lavander\u00eda\u00a0 y sus profesoras participaron\u00a0 activamente en el acto interpretando la canci\u00f3n de \u00abPuerta Violeta\u00bb y dibujando una puerta violeta a modo de Photocall.<\/p>\n","protected":false},"author":514,"featured_media":0,"comment_status":"open","ping_status":"open","sticky":false,"template":"","format":"standard","meta":{"footnotes":""},"categories":[6],"tags":[],"class_list":["post-484","post","type-post","status-publish","format-standard","hentry","category-prevencion-en-violencia-de-genero","post-preview"],"_links":{"self":[{"href":"https:\/\/edublog.educastur.es\/igualmente\/wp-json\/wp\/v2\/posts\/484","targetHints":{"allow":["GET"]}}],"collection":[{"href":"https:\/\/edublog.educastur.es\/igualmente\/wp-json\/wp\/v2\/posts"}],"about":[{"href":"https:\/\/edublog.educastur.es\/igualmente\/wp-json\/wp\/v2\/types\/post"}],"author":[{"embeddable":true,"href":"https:\/\/edublog.educastur.es\/igualmente\/wp-json\/wp\/v2\/users\/514"}],"replies":[{"embeddable":true,"href":"https:\/\/edublog.educastur.es\/igualmente\/wp-json\/wp\/v2\/comments?post=484"}],"version-history":[{"count":3,"href":"https:\/\/edublog.educastur.es\/igualmente\/wp-json\/wp\/v2\/posts\/484\/revisions"}],"predecessor-version":[{"id":488,"href":"https:\/\/edublog.educastur.es\/igualmente\/wp-json\/wp\/v2\/posts\/484\/revisions\/488"}],"wp:attachment":[{"href":"https:\/\/edublog.educastur.es\/igualmente\/wp-json\/wp\/v2\/media?parent=484"}],"wp:term":[{"taxonomy":"category","embeddable":true,"href":"https:\/\/edublog.educastur.es\/igualmente\/wp-json\/wp\/v2\/categories?post=484"},{"taxonomy":"post_tag","embeddable":true,"href":"https:\/\/edublog.educastur.es\/igualmente\/wp-json\/wp\/v2\/tags?post=484"}],"curies":[{"name":"wp","href":"https:\/\/api.w.org\/{rel}","templated":true}]}}