{"id":490,"date":"2023-01-10T15:56:20","date_gmt":"2023-01-10T15:56:20","guid":{"rendered":"https:\/\/edublog.educastur.es\/igualmente\/?p=490"},"modified":"2023-01-10T15:56:20","modified_gmt":"2023-01-10T15:56:20","slug":"rosario-acuna-infatigable-luchadora-contra-la-marginacion-de-la-mujer","status":"publish","type":"post","link":"https:\/\/edublog.educastur.es\/igualmente\/2023\/01\/10\/rosario-acuna-infatigable-luchadora-contra-la-marginacion-de-la-mujer\/","title":{"rendered":"Rosario Acu\u00f1a infatigable luchadora contra la marginaci\u00f3n de la mujer"},"content":{"rendered":"<p><img loading=\"lazy\" decoding=\"async\" class=\"alignleft size-thumbnail wp-image-491\" src=\"http:\/\/edublog.educastur.es\/igualmente\/files\/2023\/01\/descarga-150x150.jpg\" alt=\"\" width=\"150\" height=\"150\" \/><\/p>\n<p>Rosario de Acu\u00f1a, narradora, autora teatral de gran \u00e9xito, poeta, periodista, librepensadora y primera l\u00ednea de vanguardia en la lucha por la igualdad de derechos entre el hombre y la mujer, defensora tenaz de los d\u00e9biles y desheredados de la fortuna. Mujer adelantada a su \u00e9poca que vivi\u00f3 los \u00faltimos a\u00f1os de su vida en Gij\u00f3n. Este a\u00f1o se celebra el centenario de su muerte<\/p>\n<p>Para saber m\u00e1s:\u00a0<a href=\"http:\/\/www.rosariodeacuna.es\/\">http:\/\/www.rosariodeacuna.es\/<\/a><\/p>\n","protected":false},"excerpt":{"rendered":"<p>Rosario de Acu\u00f1a, narradora, autora teatral de gran \u00e9xito, poeta, periodista, librepensadora y primera l\u00ednea de vanguardia en la lucha por la igualdad de derechos entre el hombre y la mujer, defensora tenaz de los d\u00e9biles y desheredados de la fortuna. Mujer adelantada a su \u00e9poca que vivi\u00f3 los \u00faltimos a\u00f1os de su vida en [&hellip;]<\/p>\n","protected":false},"author":514,"featured_media":0,"comment_status":"open","ping_status":"open","sticky":false,"template":"","format":"standard","meta":{"footnotes":""},"categories":[7],"tags":[],"class_list":["post-490","post","type-post","status-publish","format-standard","hentry","category-las-olvidadas","post-preview"],"_links":{"self":[{"href":"https:\/\/edublog.educastur.es\/igualmente\/wp-json\/wp\/v2\/posts\/490","targetHints":{"allow":["GET"]}}],"collection":[{"href":"https:\/\/edublog.educastur.es\/igualmente\/wp-json\/wp\/v2\/posts"}],"about":[{"href":"https:\/\/edublog.educastur.es\/igualmente\/wp-json\/wp\/v2\/types\/post"}],"author":[{"embeddable":true,"href":"https:\/\/edublog.educastur.es\/igualmente\/wp-json\/wp\/v2\/users\/514"}],"replies":[{"embeddable":true,"href":"https:\/\/edublog.educastur.es\/igualmente\/wp-json\/wp\/v2\/comments?post=490"}],"version-history":[{"count":2,"href":"https:\/\/edublog.educastur.es\/igualmente\/wp-json\/wp\/v2\/posts\/490\/revisions"}],"predecessor-version":[{"id":493,"href":"https:\/\/edublog.educastur.es\/igualmente\/wp-json\/wp\/v2\/posts\/490\/revisions\/493"}],"wp:attachment":[{"href":"https:\/\/edublog.educastur.es\/igualmente\/wp-json\/wp\/v2\/media?parent=490"}],"wp:term":[{"taxonomy":"category","embeddable":true,"href":"https:\/\/edublog.educastur.es\/igualmente\/wp-json\/wp\/v2\/categories?post=490"},{"taxonomy":"post_tag","embeddable":true,"href":"https:\/\/edublog.educastur.es\/igualmente\/wp-json\/wp\/v2\/tags?post=490"}],"curies":[{"name":"wp","href":"https:\/\/api.w.org\/{rel}","templated":true}]}}