{"id":511,"date":"2023-11-16T16:50:29","date_gmt":"2023-11-16T16:50:29","guid":{"rendered":"https:\/\/edublog.educastur.es\/igualmente\/?p=511"},"modified":"2023-11-16T16:50:29","modified_gmt":"2023-11-16T16:50:29","slug":"25n-dia-internacion-para-la-eliminacion-de-la-violencia-contra-la-mujer","status":"publish","type":"post","link":"https:\/\/edublog.educastur.es\/igualmente\/2023\/11\/16\/25n-dia-internacion-para-la-eliminacion-de-la-violencia-contra-la-mujer\/","title":{"rendered":"25N D\u00eda Internaci\u00f3n para la Eliminaci\u00f3n de la violencia contra la mujer"},"content":{"rendered":"<p>La campa\u00f1a para el pr\u00f3ximo d\u00eda 25N\u00a0 se centra en el lema \u00ab<strong>Y ahora ya&#8230;.Espa\u00f1a es otra<\/strong>\u00bb y para ello se ha publicado un video que tiene como hilo conductor la letra de la famosa canci\u00f3n \u00abSe Acab\u00f3\u00bb de Mar\u00eda Jim\u00e9nez, recientemente fallecida. Con esto se ha pretendido resaltar el cambio de actitud que ha experimentado la sociedad espa\u00f1ola frente a la violencia machista<\/p>\n<p>Pincha aqu\u00ed para ver el video<\/p>\n<p><a href=\"https:\/\/www.youtube.com\/watch?v=bE3r26x-VJM\">https:\/\/www.youtube.com\/watch?v=bE3r26x-VJM<\/a><\/p>\n","protected":false},"excerpt":{"rendered":"<p>La campa\u00f1a para el pr\u00f3ximo d\u00eda 25N\u00a0 se centra en el lema \u00abY ahora ya&#8230;.Espa\u00f1a es otra\u00bb y para ello se ha publicado un video que tiene como hilo conductor la letra de la famosa canci\u00f3n \u00abSe Acab\u00f3\u00bb de Mar\u00eda Jim\u00e9nez, recientemente fallecida. Con esto se ha pretendido resaltar el cambio de actitud que ha [&hellip;]<\/p>\n","protected":false},"author":514,"featured_media":0,"comment_status":"open","ping_status":"open","sticky":false,"template":"","format":"standard","meta":{"footnotes":""},"categories":[6],"tags":[],"class_list":["post-511","post","type-post","status-publish","format-standard","hentry","category-prevencion-en-violencia-de-genero","post-preview"],"_links":{"self":[{"href":"https:\/\/edublog.educastur.es\/igualmente\/wp-json\/wp\/v2\/posts\/511","targetHints":{"allow":["GET"]}}],"collection":[{"href":"https:\/\/edublog.educastur.es\/igualmente\/wp-json\/wp\/v2\/posts"}],"about":[{"href":"https:\/\/edublog.educastur.es\/igualmente\/wp-json\/wp\/v2\/types\/post"}],"author":[{"embeddable":true,"href":"https:\/\/edublog.educastur.es\/igualmente\/wp-json\/wp\/v2\/users\/514"}],"replies":[{"embeddable":true,"href":"https:\/\/edublog.educastur.es\/igualmente\/wp-json\/wp\/v2\/comments?post=511"}],"version-history":[{"count":1,"href":"https:\/\/edublog.educastur.es\/igualmente\/wp-json\/wp\/v2\/posts\/511\/revisions"}],"predecessor-version":[{"id":512,"href":"https:\/\/edublog.educastur.es\/igualmente\/wp-json\/wp\/v2\/posts\/511\/revisions\/512"}],"wp:attachment":[{"href":"https:\/\/edublog.educastur.es\/igualmente\/wp-json\/wp\/v2\/media?parent=511"}],"wp:term":[{"taxonomy":"category","embeddable":true,"href":"https:\/\/edublog.educastur.es\/igualmente\/wp-json\/wp\/v2\/categories?post=511"},{"taxonomy":"post_tag","embeddable":true,"href":"https:\/\/edublog.educastur.es\/igualmente\/wp-json\/wp\/v2\/tags?post=511"}],"curies":[{"name":"wp","href":"https:\/\/api.w.org\/{rel}","templated":true}]}}