{"id":515,"date":"2023-11-27T16:04:32","date_gmt":"2023-11-27T16:04:32","guid":{"rendered":"https:\/\/edublog.educastur.es\/igualmente\/?p=515"},"modified":"2023-11-27T16:04:32","modified_gmt":"2023-11-27T16:04:32","slug":"25-n-recordamos-a-las-victimas-de-la-violencia","status":"publish","type":"post","link":"https:\/\/edublog.educastur.es\/igualmente\/2023\/11\/27\/25-n-recordamos-a-las-victimas-de-la-violencia\/","title":{"rendered":"25 N:  Recordamos a las v\u00edctimas de la violencia"},"content":{"rendered":"<p>Como todos los a\u00f1os, nuestro centro conmemora el 25 N con un sentido homenaje a las v\u00edctimas de violencia de g\u00e9nero,\u00a0 \u00a0y para ello\u00a0 han colocado 52 claveles violeta recordando a las 52 mujeres fallecidas en lo que va de a\u00f1o. El alumnado ha le\u00eddo un manifiesto en recuerdo de todas aquellas que han sufrido y\/o est\u00e1n sufriendo esta lacra.<\/p>\n<p><img loading=\"lazy\" decoding=\"async\" class=\"wp-image-516 size-medium alignleft\" src=\"http:\/\/edublog.educastur.es\/igualmente\/files\/2023\/11\/PHOTO-2023-11-27-14-39-47-300x225.jpg\" alt=\"\" width=\"300\" height=\"225\" srcset=\"https:\/\/edublog.educastur.es\/igualmente\/files\/2023\/11\/PHOTO-2023-11-27-14-39-47-300x225.jpg 300w, https:\/\/edublog.educastur.es\/igualmente\/files\/2023\/11\/PHOTO-2023-11-27-14-39-47-1024x768.jpg 1024w, https:\/\/edublog.educastur.es\/igualmente\/files\/2023\/11\/PHOTO-2023-11-27-14-39-47-768x576.jpg 768w, https:\/\/edublog.educastur.es\/igualmente\/files\/2023\/11\/PHOTO-2023-11-27-14-39-47-1536x1152.jpg 1536w, https:\/\/edublog.educastur.es\/igualmente\/files\/2023\/11\/PHOTO-2023-11-27-14-39-47-676x507.jpg 676w, https:\/\/edublog.educastur.es\/igualmente\/files\/2023\/11\/PHOTO-2023-11-27-14-39-47.jpg 1600w\" sizes=\"auto, (max-width: 300px) 100vw, 300px\" \/> <img loading=\"lazy\" decoding=\"async\" class=\"aligncenter wp-image-517 size-medium\" src=\"http:\/\/edublog.educastur.es\/igualmente\/files\/2023\/11\/PHOTO-2023-11-27-14-40-16-225x300.jpg\" alt=\"\" width=\"225\" height=\"300\" srcset=\"https:\/\/edublog.educastur.es\/igualmente\/files\/2023\/11\/PHOTO-2023-11-27-14-40-16-225x300.jpg 225w, https:\/\/edublog.educastur.es\/igualmente\/files\/2023\/11\/PHOTO-2023-11-27-14-40-16-768x1024.jpg 768w, https:\/\/edublog.educastur.es\/igualmente\/files\/2023\/11\/PHOTO-2023-11-27-14-40-16-1152x1536.jpg 1152w, https:\/\/edublog.educastur.es\/igualmente\/files\/2023\/11\/PHOTO-2023-11-27-14-40-16-676x901.jpg 676w, https:\/\/edublog.educastur.es\/igualmente\/files\/2023\/11\/PHOTO-2023-11-27-14-40-16.jpg 1200w\" sizes=\"auto, (max-width: 225px) 100vw, 225px\" \/><\/p>\n","protected":false},"excerpt":{"rendered":"<p>Como todos los a\u00f1os, nuestro centro conmemora el 25 N con un sentido homenaje a las v\u00edctimas de violencia de g\u00e9nero,\u00a0 \u00a0y para ello\u00a0 han colocado 52 claveles violeta recordando a las 52 mujeres fallecidas en lo que va de a\u00f1o. El alumnado ha le\u00eddo un manifiesto en recuerdo de todas aquellas que han sufrido [&hellip;]<\/p>\n","protected":false},"author":514,"featured_media":0,"comment_status":"open","ping_status":"open","sticky":false,"template":"","format":"standard","meta":{"footnotes":""},"categories":[6],"tags":[],"class_list":["post-515","post","type-post","status-publish","format-standard","hentry","category-prevencion-en-violencia-de-genero","post-preview"],"_links":{"self":[{"href":"https:\/\/edublog.educastur.es\/igualmente\/wp-json\/wp\/v2\/posts\/515","targetHints":{"allow":["GET"]}}],"collection":[{"href":"https:\/\/edublog.educastur.es\/igualmente\/wp-json\/wp\/v2\/posts"}],"about":[{"href":"https:\/\/edublog.educastur.es\/igualmente\/wp-json\/wp\/v2\/types\/post"}],"author":[{"embeddable":true,"href":"https:\/\/edublog.educastur.es\/igualmente\/wp-json\/wp\/v2\/users\/514"}],"replies":[{"embeddable":true,"href":"https:\/\/edublog.educastur.es\/igualmente\/wp-json\/wp\/v2\/comments?post=515"}],"version-history":[{"count":4,"href":"https:\/\/edublog.educastur.es\/igualmente\/wp-json\/wp\/v2\/posts\/515\/revisions"}],"predecessor-version":[{"id":521,"href":"https:\/\/edublog.educastur.es\/igualmente\/wp-json\/wp\/v2\/posts\/515\/revisions\/521"}],"wp:attachment":[{"href":"https:\/\/edublog.educastur.es\/igualmente\/wp-json\/wp\/v2\/media?parent=515"}],"wp:term":[{"taxonomy":"category","embeddable":true,"href":"https:\/\/edublog.educastur.es\/igualmente\/wp-json\/wp\/v2\/categories?post=515"},{"taxonomy":"post_tag","embeddable":true,"href":"https:\/\/edublog.educastur.es\/igualmente\/wp-json\/wp\/v2\/tags?post=515"}],"curies":[{"name":"wp","href":"https:\/\/api.w.org\/{rel}","templated":true}]}}