{"id":532,"date":"2024-04-10T16:45:48","date_gmt":"2024-04-10T16:45:48","guid":{"rendered":"https:\/\/edublog.educastur.es\/igualmente\/?p=532"},"modified":"2024-04-10T17:02:27","modified_gmt":"2024-04-10T17:02:27","slug":"vi-edicion-del-concurso-de-microrrelatos-de-genero-ganadora-y-finalistas","status":"publish","type":"post","link":"https:\/\/edublog.educastur.es\/igualmente\/2024\/04\/10\/vi-edicion-del-concurso-de-microrrelatos-de-genero-ganadora-y-finalistas\/","title":{"rendered":"VI Edici\u00f3n del concurso de Microrrelatos de G\u00e9nero Ganadora y finalistas"},"content":{"rendered":"<p>Como en cursos anteriores, tras convocarse la 6\u00aa Edici\u00f3n del Concurso de Microrrelatos de g\u00e9nero, el alumnado ha procedido a la votaci\u00f3n final entre los finalistas.<\/p>\n<p>El resultado ha sido:<\/p>\n<h5><span style=\"font-size: 14pt\"><strong><span style=\"font-family: arial, helvetica, sans-serif\"><u>Microrrelato Ganador de la 6\u00aa Edici\u00f3n<\/u><\/span><\/strong><\/span><\/h5>\n<h5>\u00a0Nayra Lloret Rodr\u00edguez de 1\u00ba Servicios por <b><i>\u00abLas<\/i><\/b>\u00a0<b><i>estrellas no sufren\u00bb\u00a0\u00a0<\/i><\/b><\/h5>\n<h5><\/h5>\n<h5><span style=\"font-size: 14pt\"><strong><span style=\"font-family: arial, helvetica, sans-serif\"><u>Finalistas<\/u><\/span><\/strong><\/span><\/h5>\n<h4><\/h4>\n<h5>Julieta G\u00f3mez de 1\u00ba Cocina vespertino por <b><i>\u00abMar\u00eda\u00bb\u00a0 \u00a0<\/i><\/b><\/h5>\n<h5>Silvia Fern\u00e1ndez \u00c1lvarez de GAT distancia por <b><i>\u00abReceta del buen trato\u00bb<\/i><\/b><\/h5>\n<h5>Emma S\u00e1nchez Medina de 1\u00ba GIAT por <b><i>\u00abEl viaje<\/i><\/b>\u00a0<b><i>del h\u00e9roe\u00bb<\/i><\/b><\/h5>\n<div><\/div>\n<p>El acto de entrega de premios del concurso de Microrrelatos de G\u00e9nero se celebrar\u00e1, coincidiendo con el D\u00eda del Libro,\u00a0 el pr\u00f3ximo <b>23 de abril<\/b>\u00a0 a las 12,25 .<\/p>\n","protected":false},"excerpt":{"rendered":"<p>Como en cursos anteriores, tras convocarse la 6\u00aa Edici\u00f3n del Concurso de Microrrelatos de g\u00e9nero, el alumnado ha procedido a la votaci\u00f3n final entre los finalistas. El resultado ha sido: Microrrelato Ganador de la 6\u00aa Edici\u00f3n \u00a0Nayra Lloret Rodr\u00edguez de 1\u00ba Servicios por \u00abLas\u00a0estrellas no sufren\u00bb\u00a0\u00a0 Finalistas Julieta G\u00f3mez de 1\u00ba Cocina vespertino por \u00abMar\u00eda\u00bb\u00a0 [&hellip;]<\/p>\n","protected":false},"author":514,"featured_media":0,"comment_status":"open","ping_status":"open","sticky":false,"template":"","format":"standard","meta":{"footnotes":""},"categories":[5],"tags":[],"class_list":["post-532","post","type-post","status-publish","format-standard","hentry","category-la-esquina-lectora","post-preview"],"_links":{"self":[{"href":"https:\/\/edublog.educastur.es\/igualmente\/wp-json\/wp\/v2\/posts\/532","targetHints":{"allow":["GET"]}}],"collection":[{"href":"https:\/\/edublog.educastur.es\/igualmente\/wp-json\/wp\/v2\/posts"}],"about":[{"href":"https:\/\/edublog.educastur.es\/igualmente\/wp-json\/wp\/v2\/types\/post"}],"author":[{"embeddable":true,"href":"https:\/\/edublog.educastur.es\/igualmente\/wp-json\/wp\/v2\/users\/514"}],"replies":[{"embeddable":true,"href":"https:\/\/edublog.educastur.es\/igualmente\/wp-json\/wp\/v2\/comments?post=532"}],"version-history":[{"count":10,"href":"https:\/\/edublog.educastur.es\/igualmente\/wp-json\/wp\/v2\/posts\/532\/revisions"}],"predecessor-version":[{"id":534,"href":"https:\/\/edublog.educastur.es\/igualmente\/wp-json\/wp\/v2\/posts\/532\/revisions\/534"}],"wp:attachment":[{"href":"https:\/\/edublog.educastur.es\/igualmente\/wp-json\/wp\/v2\/media?parent=532"}],"wp:term":[{"taxonomy":"category","embeddable":true,"href":"https:\/\/edublog.educastur.es\/igualmente\/wp-json\/wp\/v2\/categories?post=532"},{"taxonomy":"post_tag","embeddable":true,"href":"https:\/\/edublog.educastur.es\/igualmente\/wp-json\/wp\/v2\/tags?post=532"}],"curies":[{"name":"wp","href":"https:\/\/api.w.org\/{rel}","templated":true}]}}