{"id":79,"date":"2020-11-16T09:03:30","date_gmt":"2020-11-16T09:03:30","guid":{"rendered":"https:\/\/edublog.educastur.es\/igualmente\/?p=79"},"modified":"2020-11-16T09:05:02","modified_gmt":"2020-11-16T09:05:02","slug":"los-estudios-de-fp-desde-una-perspectiva-de-genero","status":"publish","type":"post","link":"https:\/\/edublog.educastur.es\/igualmente\/2020\/11\/16\/los-estudios-de-fp-desde-una-perspectiva-de-genero\/","title":{"rendered":"Los estudios de FP desde una perspectiva de g\u00e9nero"},"content":{"rendered":"<h2><\/h2>\n<p>Se presenta un interesante estudio sobre la situaci\u00f3n de g\u00e9nero en la FP espa\u00f1ola.<\/p>\n<p><a href=\"https:\/\/www.euskadi.eus\/contenidos\/enlace\/fp\/es_evalua\/adjuntos\/guia.pdf\"><img loading=\"lazy\" decoding=\"async\" class=\"size-thumbnail wp-image-80 alignnone\" src=\"http:\/\/edublog.educastur.es\/igualmente\/files\/2020\/11\/fp-150x150.jpg\" alt=\"\" width=\"150\" height=\"150\" \/><\/a><\/p>\n","protected":false},"excerpt":{"rendered":"<p>Se presenta un interesante estudio sobre la situaci\u00f3n de g\u00e9nero en la FP espa\u00f1ola.<\/p>\n","protected":false},"author":514,"featured_media":0,"comment_status":"open","ping_status":"open","sticky":false,"template":"","format":"standard","meta":{"footnotes":""},"categories":[2],"tags":[],"class_list":["post-79","post","type-post","status-publish","format-standard","hentry","category-igualdad-en-el-trabajo-y-acceso-al-empleo","post-preview"],"_links":{"self":[{"href":"https:\/\/edublog.educastur.es\/igualmente\/wp-json\/wp\/v2\/posts\/79","targetHints":{"allow":["GET"]}}],"collection":[{"href":"https:\/\/edublog.educastur.es\/igualmente\/wp-json\/wp\/v2\/posts"}],"about":[{"href":"https:\/\/edublog.educastur.es\/igualmente\/wp-json\/wp\/v2\/types\/post"}],"author":[{"embeddable":true,"href":"https:\/\/edublog.educastur.es\/igualmente\/wp-json\/wp\/v2\/users\/514"}],"replies":[{"embeddable":true,"href":"https:\/\/edublog.educastur.es\/igualmente\/wp-json\/wp\/v2\/comments?post=79"}],"version-history":[{"count":4,"href":"https:\/\/edublog.educastur.es\/igualmente\/wp-json\/wp\/v2\/posts\/79\/revisions"}],"predecessor-version":[{"id":82,"href":"https:\/\/edublog.educastur.es\/igualmente\/wp-json\/wp\/v2\/posts\/79\/revisions\/82"}],"wp:attachment":[{"href":"https:\/\/edublog.educastur.es\/igualmente\/wp-json\/wp\/v2\/media?parent=79"}],"wp:term":[{"taxonomy":"category","embeddable":true,"href":"https:\/\/edublog.educastur.es\/igualmente\/wp-json\/wp\/v2\/categories?post=79"},{"taxonomy":"post_tag","embeddable":true,"href":"https:\/\/edublog.educastur.es\/igualmente\/wp-json\/wp\/v2\/tags?post=79"}],"curies":[{"name":"wp","href":"https:\/\/api.w.org\/{rel}","templated":true}]}}