{"id":10067,"date":"2021-10-02T11:13:29","date_gmt":"2021-10-02T09:13:29","guid":{"rendered":"https:\/\/edublog.educastur.es\/ixuxu\/?p=10067"},"modified":"2021-10-13T10:29:25","modified_gmt":"2021-10-13T08:29:25","slug":"lasturianu-sal-con-nos-que-conpunxo-xaime-martinez-pa-esti-viii-dia-de-la-reciella","status":"publish","type":"post","link":"https:\/\/edublog.educastur.es\/ixuxu\/2021\/10\/lasturianu-sal-con-nos-que-conpunxo-xaime-martinez-pa-esti-viii-dia-de-la-reciella\/","title":{"rendered":"L&#8217;asturianu sal con n\u00f3s que conpunxo Xaime Mart\u00ednez pa esti VIII D\u00eda de la Reciella."},"content":{"rendered":"<div dir=\"auto\" style=\"text-align: center\"><\/div>\n<div dir=\"auto\" style=\"text-align: center\">\n<!-- iframe plugin v.6.0 wordpress.org\/plugins\/iframe\/ -->\n<iframe loading=\"lazy\" width=\"100%\" height=\"380\" src=\"https:\/\/www.youtube.com\/embed\/-MfIPgjJhGM\" 0=\"\/iframe\" scrolling=\"yes\" class=\"iframe-class\" frameborder=\"0\"><\/iframe>\n<\/div>\n<div dir=\"auto\"><\/div>\n<div dir=\"auto\"><em><span style=\"font-size: 24px\"><span style=\"color: #008080\">Y si tas may\u00e1u<\/span><br \/>\n<span style=\"color: #008080\">y nun quies salir,<br \/>\ny se fixo tarde<br \/>\ny tienes gana durmir,<br \/>\nremembra que siempre pues falar<br \/>\nl&#8217;asturianu na intimid\u00e1.<\/span><\/span><\/em><\/div>\n<div dir=\"auto\"><\/div>\n<ul>\n<li><a href=\"https:\/\/www.youtube.com\/watch?v=-MfIPgjJhGM&amp;t=1s\"><em><span style=\"color: #008080\"><strong>\u00abL&#8217;asturianu sal con n\u00f3s\u00bb<\/strong><\/span><\/em> <\/a>\/\u00a0<a href=\"https:\/\/www.facebook.com\/reciella.asturies\/videos\/557364185321558\"> Facebook<\/a> \/ <a href=\"https:\/\/musicasturiana.com\/el-viii-dia-de-la-reciella-ya-tien-videuclip-y-suma-a-les-actividaes-un-conciertu-de-llevolul-sumiciu\/?fbclid=IwAR3WrIpLF-g1c99d7rb_rlQaqMSyQ7K8U44ueHg9NF4-x-ps7ih1fzbakKU\">MusicAsturiana<\/a> \/ <a href=\"https:\/\/www.youtube.com\/watch?v=-MfIPgjJhGM&amp;t=1s\">Youtube<\/a> \/\u00a0 Spotify \/<a href=\"https:\/\/asturies.com\/alagueta\/el-cantar-del-viii-dia-de-la-reciella-ya-tien-videoclip?fbclid=IwAR1XeiDGIuWO-fpmJaVhqjq2O1-hK5wTvWD7amfcMiXec-wHmsvhETsJoHs\"> Asturies.com<\/a> \/<\/li>\n<li><a href=\"https:\/\/reciella.wordpress.com\/\">Reciella<\/a> \/ <a href=\"https:\/\/www.facebook.com\/reciella.asturies\">Facebook <\/a>\/<\/li>\n<\/ul>\n<div dir=\"auto\"><\/div>\n<div dir=\"auto\">Present\u00e1mosvos el v\u00eddeo del tema <span style=\"text-decoration: underline;color: #008080\"><em><strong>L&#8217;asturianu sal con n\u00f3s<\/strong><\/em><\/span> que conpunxo Xaime Mart\u00ednez pa esti VIII D\u00eda de la Reciella.<\/div>\n<div dir=\"auto\"><\/div>\n<div dir=\"auto\"><span style=\"color: #008080\"><em>\u201cYe un xuegu de pallabres que pretende esponer que l\u2019asturianu nun ye una cosa de casa; que cola pandemia y el volver salir otra vez de casa, l\u2019asturianu sal con n\u00f3s y podemos usalu en cualquier \u00e1mbitu\u00bb<\/em><\/span><\/div>\n<div dir=\"auto\"><\/div>\n<div dir=\"auto\"><!--more--><\/div>\n<div dir=\"auto\"><\/div>\n<div dir=\"auto\">Pres\u00e9ntase&#8217;l s\u00e1badu nel Mus\u00e9u del Pueblu d&#8217;Asturies. El v\u00eddeo ta fechu por Pablo Quiroga y Juan Tiz\u00f3n cola ayuda de muncha m\u00e1s xente, a lo que-y agradecemos un a\u00f1u m\u00e1s tol sofitu que nos dan.<\/div>\n<div dir=\"auto\">\n<p>\u2018L\u2019asturianu sal con n\u00f3s\u2019, el cantar qu\u2019interpreta Xaime Mart\u00ednez cola so banda La Familia Tradicional cuenta con un prestosu videoclip con protagonismu infantil grab\u00e1u en Cimavilla. Pablo A. Quiroga y Juan Tiz\u00f3n encarg\u00e1ronse de la realizaci\u00f3n del videoclip de \u2018L\u2019asturianu sal con n\u00f3s\u2019, nel que collabor\u00f3 tami\u00e9n Pablo Casanueva. N\u00e9l apaez Mart\u00ednez, autor d\u2019igual forma de la lletra xunto a Estela \u00c1lvarez Blanco, y im\u00e1xenes de ne\u00f1es y ne\u00f1os baillandu y xugando en dellos allugamientos del barriu altu de Xix\u00f3n.<\/p>\n<p>La pieza incl\u00fai tami\u00e9n el testu del cantar, cola fin de que se pueda siguir n\u2019actividaes escolares en formatu karaoke. Los temes fechos por &#8216;Reciella. Families pol Asturianu&#8217; pa promocionar la xornada a\u00f1al nel Mus\u00e9u del Pueblu d\u2019Asturies qu\u2019entama pa ufrir a la ciudadan\u00eda un d\u00eda en llingua asturiana dafechu queden llueu pal disfrute de los m\u00e1s mozos, que les convierten n\u2019aut\u00e9nticos himnos, col exemplu de \u2018\u00a1Pr\u00e9stame pola vida!\u2019, \u2018Enta\u00edna\u2019, \u2018N\u2019asturianu sumes\u2019 y \u2018\u00a1Espoxiga!\u2019.<\/p>\n<\/div>\n<div dir=\"auto\">\n<div dir=\"auto\">Dende&#8217;l vienres 17 de setiembre vas poder sentir en toles plataformes dixitales el cantar promocional del VIII D\u00eda de la Reciella qu&#8217;esti a\u00f1u fai Xaime Mart\u00ednez y la familia tradicional, con lletra del propiu Xaime y Estela \u00c1lvarez Blanco, y que y\u00e1 pues sentir en <a class=\"oajrlxb2 g5ia77u1 qu0x051f esr5mh6w e9989ue4 r7d6kgcz rq0escxv nhd2j8a9 nc684nl6 p7hjln8o kvgmc6g5 cxmmr5t8 oygrvhab hcukyx3x jb3vyjys rz4wbd8a qt6c0cv9 a8nywdso i1ao9s8h esuyzwwr f1sip0of lzcic4wl q66pz984 gpro0wi8 b1v8xokw\" role=\"link\" href=\"https:\/\/www.facebook.com\/musicasturiana\/?__cft__[0]=AZUYO0ouJhlNAFhf2qLpCqP3hO8wQuZchV_wu4tdkl4-cYIUa57yDDI7JNQ9uQWgWR-vj2iqMNoLyY27IIG60pJT1Futc1gl_tsaGTFnh96rqESnTuZE_G20DWtVl7blvg1wHftYcezaRSVWU4fCdQga&amp;__tn__=kK-R\"><span class=\"nc684nl6\">musicasturiana.com<\/span><\/a> qu&#8217;esti a\u00f1u s\u00famase a les collaboraciones na organizaci\u00f3n. \u00a1Esperamos que vos preste tanto como nos presta a n\u00f3s!<\/div>\n<div dir=\"auto\"><\/div>\n<div dir=\"auto\">\n<!-- iframe plugin v.6.0 wordpress.org\/plugins\/iframe\/ -->\n<iframe loading=\"lazy\" src=\"https:\/\/open.spotify.com\/embed?uri=spotify%3Aplaylist%3A7H6h4MOojh4as892BrGs6d\" width=\"300\" height=\"380\" frameborder=\"0\" allowtransparency=\"true\" allow=\"encrypted-media\" 0=\"\/iframe\" scrolling=\"yes\" class=\"iframe-class\"><\/iframe>\n<\/div>\n<\/div>\n","protected":false},"excerpt":{"rendered":"<p>Y si tas may\u00e1u y nun quies salir, y se fixo tarde y tienes gana durmir, remembra que siempre pues falar l&#8217;asturianu na intimid\u00e1. \u00abL&#8217;asturianu sal con n\u00f3s\u00bb \/\u00a0 Facebook \/ MusicAsturiana \/ Youtube \/\u00a0 Spotify \/ Asturies.com \/ Reciella \/ Facebook \/ Present\u00e1mosvos el v\u00eddeo del tema L&#8217;asturianu sal con n\u00f3s que conpunxo Xaime [&hellip;]<\/p>\n","protected":false},"author":117,"featured_media":0,"comment_status":"open","ping_status":"open","sticky":false,"template":"","format":"standard","meta":{"footnotes":""},"categories":[6,35,230],"tags":[],"class_list":["post-10067","post","type-post","status-publish","format-standard","hentry","category-dia-de","category-musica","category-reciella"],"_links":{"self":[{"href":"https:\/\/edublog.educastur.es\/ixuxu\/wp-json\/wp\/v2\/posts\/10067","targetHints":{"allow":["GET"]}}],"collection":[{"href":"https:\/\/edublog.educastur.es\/ixuxu\/wp-json\/wp\/v2\/posts"}],"about":[{"href":"https:\/\/edublog.educastur.es\/ixuxu\/wp-json\/wp\/v2\/types\/post"}],"author":[{"embeddable":true,"href":"https:\/\/edublog.educastur.es\/ixuxu\/wp-json\/wp\/v2\/users\/117"}],"replies":[{"embeddable":true,"href":"https:\/\/edublog.educastur.es\/ixuxu\/wp-json\/wp\/v2\/comments?post=10067"}],"version-history":[{"count":15,"href":"https:\/\/edublog.educastur.es\/ixuxu\/wp-json\/wp\/v2\/posts\/10067\/revisions"}],"predecessor-version":[{"id":10462,"href":"https:\/\/edublog.educastur.es\/ixuxu\/wp-json\/wp\/v2\/posts\/10067\/revisions\/10462"}],"wp:attachment":[{"href":"https:\/\/edublog.educastur.es\/ixuxu\/wp-json\/wp\/v2\/media?parent=10067"}],"wp:term":[{"taxonomy":"category","embeddable":true,"href":"https:\/\/edublog.educastur.es\/ixuxu\/wp-json\/wp\/v2\/categories?post=10067"},{"taxonomy":"post_tag","embeddable":true,"href":"https:\/\/edublog.educastur.es\/ixuxu\/wp-json\/wp\/v2\/tags?post=10067"}],"curies":[{"name":"wp","href":"https:\/\/api.w.org\/{rel}","templated":true}]}}