{"id":10093,"date":"2021-09-27T09:00:30","date_gmt":"2021-09-27T07:00:30","guid":{"rendered":"https:\/\/edublog.educastur.es\/ixuxu\/?p=10093"},"modified":"2021-10-02T12:03:22","modified_gmt":"2021-10-02T10:03:22","slug":"10093","status":"publish","type":"post","link":"https:\/\/edublog.educastur.es\/ixuxu\/2021\/09\/10093\/","title":{"rendered":"D\u00eda Mundial del Turismu"},"content":{"rendered":"<p>El <span style=\"color: #008080\"><strong>D\u00eda Mundial del Turismu<\/strong><\/span>, que se celebra cada a\u00f1u&#8217;l 27 de Setiembre, ye d&#8217;observancia mundial y fomenta la sensibilizaci\u00f3n respecto al valor social, cultural, pol\u00edticu y econ\u00f3micu del turismu y la contribuci\u00f3n que&#8217;l sector puede faer a los Oxetivos de Desenvolvimientu Sostenible.<\/p>\n<ul>\n<li><a href=\"https:\/\/www.unwto.org\/es\/wtd2021\">Web oficial<\/a> \/<\/li>\n<\/ul>\n<p style=\"text-align: left\"><a href=\"https:\/\/www.caribbeannewsdigital.com\/sites\/default\/files\/2021-09\/Dia-Mundial-Turismo-27-septiembre.jpg\"><img loading=\"lazy\" decoding=\"async\" class=\"alignnone\" src=\"https:\/\/www.caribbeannewsdigital.com\/sites\/default\/files\/2021-09\/Dia-Mundial-Turismo-27-septiembre.jpg\" alt=\"\" width=\"337\" height=\"297\" \/><\/a> \/<a href=\"https:\/\/tinypix.top\/images\/2021\/10\/02\/v6Lnp.png\"><img loading=\"lazy\" decoding=\"async\" class=\"alignnone\" src=\"https:\/\/tinypix.top\/images\/2021\/10\/02\/v6Lnp.png\" alt=\"\" width=\"296\" height=\"296\" \/><\/a><\/p>\n<blockquote>\n<p style=\"text-align: center\"><span style=\"color: #800080\"><strong><em><span style=\"font-size: 20px\">Turismu para una crecedera inclusiva<\/span> <\/em><\/strong><\/span><\/p>\n<\/blockquote>\n<p><!--more--><\/p>\n<p><span style=\"color: #008080\">El turismu ye un fen\u00f3menu social, cultural y econ\u00f3micu que supon el desplazamientu de persones a pa\u00edses o llugares fora de la so redolada habitual por motivos personales, profesionales o de negocios.<\/span><\/p>\n<ul>\n<li><span style=\"color: #008080\">Activid\u00e1 recreativa que consiste en viaxar o percorrer un pa\u00eds o llugar por prestar. \u00abfaer turismu\u00bb<\/span><br \/>\n<span style=\"color: #008080\">2. Afici\u00f3n a viaxar o percorrer un pa\u00eds o llugar por prestar. \u00abviaxar por turismu\u00bb<\/span><\/li>\n<\/ul>\n<p style=\"text-align: center\">\n<!-- iframe plugin v.6.0 wordpress.org\/plugins\/iframe\/ -->\n<iframe loading=\"lazy\" width=\"560\" height=\"315\" src=\"https:\/\/www.youtube.com\/embed\/hKIJhnP50S0\" 0=\"\/iframe\" scrolling=\"yes\" class=\"iframe-class\" frameborder=\"0\"><\/iframe>\n<\/p>\n<p style=\"text-align: center\"><strong><em>Si apuestes por un turismu sostenible, rural, o de naturaleza ?\ufe0f recuerda:<\/em><\/strong><\/p>\n<p style=\"text-align: center\"><strong><em>? Ser responsable cola redolada que visites.<\/em><\/strong><br \/>\n<strong><em>? Apostar por productos locales.<\/em><\/strong><br \/>\n<strong><em>? Nun xenerar borrafes innecesaries.<\/em><\/strong><\/p>\n<p>&nbsp;<\/p>\n<p><a href=\"https:\/\/cdn.elimpulso.com\/media\/2017\/09\/Dia-mundial-del-turismo.jpg\"><img loading=\"lazy\" decoding=\"async\" class=\"aligncenter\" src=\"https:\/\/cdn.elimpulso.com\/media\/2017\/09\/Dia-mundial-del-turismo.jpg\" alt=\"\" width=\"700\" height=\"470\" \/><\/a><\/p>\n","protected":false},"excerpt":{"rendered":"<p>El D\u00eda Mundial del Turismu, que se celebra cada a\u00f1u&#8217;l 27 de Setiembre, ye d&#8217;observancia mundial y fomenta la sensibilizaci\u00f3n respecto al valor social, cultural, pol\u00edticu y econ\u00f3micu del turismu y la contribuci\u00f3n que&#8217;l sector puede faer a los Oxetivos de Desenvolvimientu Sostenible. Web oficial \/ \/ Turismu para una crecedera inclusiva<\/p>\n","protected":false},"author":117,"featured_media":0,"comment_status":"open","ping_status":"open","sticky":false,"template":"","format":"standard","meta":{"footnotes":""},"categories":[6],"tags":[],"class_list":["post-10093","post","type-post","status-publish","format-standard","hentry","category-dia-de"],"_links":{"self":[{"href":"https:\/\/edublog.educastur.es\/ixuxu\/wp-json\/wp\/v2\/posts\/10093","targetHints":{"allow":["GET"]}}],"collection":[{"href":"https:\/\/edublog.educastur.es\/ixuxu\/wp-json\/wp\/v2\/posts"}],"about":[{"href":"https:\/\/edublog.educastur.es\/ixuxu\/wp-json\/wp\/v2\/types\/post"}],"author":[{"embeddable":true,"href":"https:\/\/edublog.educastur.es\/ixuxu\/wp-json\/wp\/v2\/users\/117"}],"replies":[{"embeddable":true,"href":"https:\/\/edublog.educastur.es\/ixuxu\/wp-json\/wp\/v2\/comments?post=10093"}],"version-history":[{"count":5,"href":"https:\/\/edublog.educastur.es\/ixuxu\/wp-json\/wp\/v2\/posts\/10093\/revisions"}],"predecessor-version":[{"id":10099,"href":"https:\/\/edublog.educastur.es\/ixuxu\/wp-json\/wp\/v2\/posts\/10093\/revisions\/10099"}],"wp:attachment":[{"href":"https:\/\/edublog.educastur.es\/ixuxu\/wp-json\/wp\/v2\/media?parent=10093"}],"wp:term":[{"taxonomy":"category","embeddable":true,"href":"https:\/\/edublog.educastur.es\/ixuxu\/wp-json\/wp\/v2\/categories?post=10093"},{"taxonomy":"post_tag","embeddable":true,"href":"https:\/\/edublog.educastur.es\/ixuxu\/wp-json\/wp\/v2\/tags?post=10093"}],"curies":[{"name":"wp","href":"https:\/\/api.w.org\/{rel}","templated":true}]}}