{"id":10112,"date":"2021-10-02T12:19:40","date_gmt":"2021-10-02T10:19:40","guid":{"rendered":"https:\/\/edublog.educastur.es\/ixuxu\/?p=10112"},"modified":"2021-10-02T13:08:58","modified_gmt":"2021-10-02T11:08:58","slug":"10112","status":"publish","type":"post","link":"https:\/\/edublog.educastur.es\/ixuxu\/2021\/10\/10112\/","title":{"rendered":"La importancia de la empat\u00eda y l&#8217;inclusi\u00f3n nun risonderu curtiumetraxe"},"content":{"rendered":"<ul>\n<li><a href=\"https:\/\/www.youtube.com\/embed\/XxvLDL8Smck\"><span style=\"color: #008080\"><strong>\u00abRat\u00f3n en venta\u00bb<\/strong><\/span> cortometraxe anim\u00e1u<\/a> \/<a href=\"https:\/\/webdelmaestrocmf.com\/portal\/la-importancia-de-la-empatia-y-la-inclusion-en-un-tierno-cortometraje\/?fbclid=IwAR14gTYmbm2XxRo5YTD4iI_CPXkDZD33RuCYPtI6ljQ4kI5VDA7HFB5oPCs\"> falar d&#8217;ello<\/a> \/<\/li>\n<\/ul>\n<p style=\"text-align: center\">\n<!-- iframe plugin v.6.0 wordpress.org\/plugins\/iframe\/ -->\n<iframe loading=\"lazy\" width=\"100%\" height=\"365\" src=\"https:\/\/www.youtube.com\/embed\/XxvLDL8Smck\" 0=\"\/iframe\" scrolling=\"yes\" class=\"iframe-class\" frameborder=\"0\"><\/iframe>\n<\/p>\n<p>El curtiumetraxe de <strong>Mure en vienta<\/strong> trata valores como la <span style=\"color: #008080\"><strong>tolerancia y el respetu escontra los dem\u00e1s<\/strong><\/span>, anque nun s\u00edan como nosotr@s o compartan les nueses idees. Aceptar les diferencies como daqu\u00e9 enriquecedor, que nos fai a cada unu de nosotr@s \u00fanicu y especial. Y de xac\u00edu aprender a nun discriminar a naide por nenguna raz\u00f3n, ye importante aceptar a les persones tal que son.<\/p>\n<p><!--more--><\/p>\n<p style=\"text-align: center\"><a href=\"https:\/\/unapizcadeeducacion.com\/wp-content\/uploads\/2018\/10\/maxresdefault.jpg\"><img loading=\"lazy\" decoding=\"async\" class=\"alignnone\" src=\"https:\/\/unapizcadeeducacion.com\/wp-content\/uploads\/2018\/10\/maxresdefault.jpg\" alt=\"\" width=\"1280\" height=\"720\" \/><\/a><\/p>\n<p>F\u00e1lanos de<span style=\"color: #008080\"><strong> Snicker<\/strong><\/span>, un tienru mure qu&#8217;aguarda con impaciencia ser adopt\u00e1u. Son munchos los ne\u00f1os que pasen pola tienda de mascotes, pero Snicker nunca ye escoy\u00edu por cuenta de los sos grandes y singulares oreyes, que suelen ser motivu de burlles. Sicas\u00ed, Snicker nun pierde la esperanza d&#8217;atopar un amigu que lu acepte talo como ye. Un d\u00eda, entra na tienda un ne\u00f1u con unos auriculares y cuando s&#8217;avera a la vitrina de Snicker queda estel\u00e1u por \u00e9l. Nesi momentu quita los auriculares, y dexa al descubiertu unes grandes oreyes. Snicker atop\u00f3 un nuevu due\u00f1u que supo ver maraviyosu aquello que lo fai distintu a los dem\u00e1s.<\/p>\n<p style=\"text-align: center\"><a href=\"https:\/\/unapizcadeeducacion.com\/wp-content\/uploads\/2018\/10\/Imagen4.png\"><img loading=\"lazy\" decoding=\"async\" class=\"alignnone\" src=\"https:\/\/unapizcadeeducacion.com\/wp-content\/uploads\/2018\/10\/Imagen4.png\" alt=\"\" width=\"1100\" height=\"482\" \/><\/a><\/p>\n<p>Esti curtiu ens\u00e9\u00f1anos que TOOS somos DISTINTOS y que eses diferencies son les que nos faen ESPECIALES. Am\u00e1s ens\u00e9\u00f1anos qu&#8217;hai que ser TOLERANTES y respetuosos colos dem\u00e1s anque nun s\u00edan o piensen como @nosotr@s. Y los m\u00e1s importante, tenemos d&#8217;ACEPTAR les diferencies para nun DISCRIMINAR a naide por cualesquier motivu.<\/p>\n<p style=\"text-align: center\"><a href=\"https:\/\/unapizcadeeducacion.com\/wp-content\/uploads\/2018\/10\/Imagen5.png\"><img loading=\"lazy\" decoding=\"async\" class=\"alignnone\" src=\"https:\/\/unapizcadeeducacion.com\/wp-content\/uploads\/2018\/10\/Imagen5.png\" alt=\"\" width=\"615\" height=\"438\" \/><\/a><\/p>\n<p>Consideramos bien importante&#8217;l di\u00e1logu y reflex\u00f3n en toes y cada una de los tr\u00e9s fiches. N\u00f3s para trabayalo na aula siguimos estos pasos:<\/p>\n<ul>\n<li>Visionar dos vegaes el curtiu.<\/li>\n<li>Comentar en gran grupu y por veces de palabra los sentimientos que nos espert\u00f3.<\/li>\n<li>Intentamos aldovinar cu\u00e1los son los valores que quier tresmitir el curtiu.<\/li>\n<li>Faemos la ficha en peque\u00f1u y gran grupu. Sacante les actividaes m\u00e1s personales que se faen individualmente.<\/li>\n<li>Vamos comentando cada activid\u00e1 oralmente tres la so realizaci\u00f3n.<\/li>\n<\/ul>\n<p><a href=\"https:\/\/unapizcadeeducacion.com\/wp-content\/uploads\/2018\/10\/Rat\u00f3n-en-venta-B\u00e1sico.pdf\" target=\"_blank\" rel=\"noopener noreferrer\"><strong>Ficha b\u00e1sica en castellano (1\u00ba y 2\u00ba E.P)<\/strong><\/a><\/p>\n<p><a href=\"https:\/\/unapizcadeeducacion.com\/wp-content\/uploads\/2018\/10\/Rat\u00f3n-en-venta-intermedio.pdf\" target=\"_blank\" rel=\"noopener noreferrer\"><strong>Ficha intermedia en castellano (2\u00ba, 3\u00ba y 4\u00ba E.P)<\/strong><\/a><\/p>\n<p><a href=\"https:\/\/unapizcadeeducacion.com\/wp-content\/uploads\/2018\/10\/Raton-en-venta-Avanzado.pdf\" target=\"_blank\" rel=\"noopener noreferrer\"><strong>Ficha avanzada en castellano (4\u00ba, 5\u00ba y 6\u00ba E.P)<\/strong><\/a><\/p>\n<hr \/>\n<p>Otros cortos para trabajar en el aula (y fichas para descargar)<\/p>\n<p>Estos son algunos de los cortometrajes que ya hemos trabajado con nuestro alumnado. Estamos seguras que os ser\u00e1 muy \u00fatil el material para aplicarlo en vuestras clases.<\/p>\n<ul>\n<li><a href=\"https:\/\/unapizcadeeducacion.com\/2017\/12\/04\/cortos-de-valores-el-hombre-orquesta\/\" target=\"_blank\" rel=\"noopener noreferrer\"><strong>El hombre orquesta<\/strong><\/a>: cortometraje animado de Pixar. Se tratan valores como:\u00a0<strong>colaboraci\u00f3n<\/strong>,\u00a0<strong>trabajo en equipo\u2026<\/strong><\/li>\n<li><a href=\"https:\/\/unapizcadeeducacion.com\/2017\/03\/27\/cortos-para-trabajar-valores\/\" target=\"_blank\" rel=\"noopener noreferrer\"><strong>The Birds<\/strong><\/a>: cortometraje tambi\u00e9n de Pixar. Trata valores como el\u00a0<strong>compartir<\/strong>\u00a0y la\u00a0<strong>tolerancia<\/strong>.<\/li>\n<li><a href=\"https:\/\/unapizcadeeducacion.com\/2017\/05\/02\/cortos-sobre-valores-el-puente\/\" target=\"_blank\" rel=\"noopener noreferrer\"><strong>El puente<\/strong><\/a>:\u00a0cortometraje animado que nos ense\u00f1a valores como\u00a0<strong>colaborar<\/strong>, la importancia de la\u00a0<strong>comunicaci\u00f3n<\/strong>\u00a0y la ineficacia de la\u00a0<strong>violencia<\/strong>.<\/li>\n<li><a href=\"https:\/\/unapizcadeeducacion.com\/2018\/01\/25\/cortos-de-valores-la-oveja-esquilada\/\" target=\"_blank\" rel=\"noopener noreferrer\"><strong>La oveja esquilada<\/strong><\/a>:\u00a0 cortometraje animado de Pixar. Transmite valores como: la\u00a0<strong>autoestima<\/strong>\u00a0y creer en uno mismo, aprender a no centrarse \u00fanicamente en el\u00a0<strong>aspecto exterior<\/strong>\u00a0e incidiendo en que la val\u00eda de una persona est\u00e1 en su\u00a0<strong>interior<\/strong>.<\/li>\n<li><strong><a href=\"https:\/\/unapizcadeeducacion.com\/2018\/09\/24\/cortos-de-valores-el-companerismo\/\" target=\"_blank\" rel=\"noopener noreferrer\">Compa\u00f1erismo<\/a><\/strong>: cortometraje que refleja la importancia y necesidad de que en todas las aulas o grupos reine el <strong>compa\u00f1erismo<\/strong> y <strong>respeto<\/strong> por los dem\u00e1s.<\/li>\n<\/ul>\n<p class=\"selectionShareable\"><em>(Si puls\u00e1is sobre el t\u00edtulo del cortometraje acceder\u00e9is directamente a la entrada para poder descargar el material)<\/em><\/p>\n<p><a href=\"https:\/\/unapizcadeeducacion.com\/wp-content\/uploads\/2018\/10\/Imagen6.png\"><img loading=\"lazy\" decoding=\"async\" class=\"aligncenter size-full wp-image-19193\" src=\"https:\/\/unapizcadeeducacion.com\/wp-content\/uploads\/2018\/10\/Imagen6.png\" alt=\"trabajar valores y emociones\" width=\"2778\" height=\"450\" \/><\/a><\/p>\n<p>Fichas para descargar de Rat\u00f3n en venta.<\/p>\n","protected":false},"excerpt":{"rendered":"<p>\u00abRat\u00f3n en venta\u00bb cortometraxe anim\u00e1u \/ falar d&#8217;ello \/ El curtiumetraxe de Mure en vienta trata valores como la tolerancia y el respetu escontra los dem\u00e1s, anque nun s\u00edan como nosotr@s o compartan les nueses idees. Aceptar les diferencies como daqu\u00e9 enriquecedor, que nos fai a cada unu de nosotr@s \u00fanicu y especial. Y de [&hellip;]<\/p>\n","protected":false},"author":117,"featured_media":0,"comment_status":"open","ping_status":"open","sticky":false,"template":"","format":"standard","meta":{"footnotes":""},"categories":[37,235],"tags":[],"class_list":["post-10112","post","type-post","status-publish","format-standard","hentry","category-curtiu","category-valores"],"_links":{"self":[{"href":"https:\/\/edublog.educastur.es\/ixuxu\/wp-json\/wp\/v2\/posts\/10112","targetHints":{"allow":["GET"]}}],"collection":[{"href":"https:\/\/edublog.educastur.es\/ixuxu\/wp-json\/wp\/v2\/posts"}],"about":[{"href":"https:\/\/edublog.educastur.es\/ixuxu\/wp-json\/wp\/v2\/types\/post"}],"author":[{"embeddable":true,"href":"https:\/\/edublog.educastur.es\/ixuxu\/wp-json\/wp\/v2\/users\/117"}],"replies":[{"embeddable":true,"href":"https:\/\/edublog.educastur.es\/ixuxu\/wp-json\/wp\/v2\/comments?post=10112"}],"version-history":[{"count":12,"href":"https:\/\/edublog.educastur.es\/ixuxu\/wp-json\/wp\/v2\/posts\/10112\/revisions"}],"predecessor-version":[{"id":10115,"href":"https:\/\/edublog.educastur.es\/ixuxu\/wp-json\/wp\/v2\/posts\/10112\/revisions\/10115"}],"wp:attachment":[{"href":"https:\/\/edublog.educastur.es\/ixuxu\/wp-json\/wp\/v2\/media?parent=10112"}],"wp:term":[{"taxonomy":"category","embeddable":true,"href":"https:\/\/edublog.educastur.es\/ixuxu\/wp-json\/wp\/v2\/categories?post=10112"},{"taxonomy":"post_tag","embeddable":true,"href":"https:\/\/edublog.educastur.es\/ixuxu\/wp-json\/wp\/v2\/tags?post=10112"}],"curies":[{"name":"wp","href":"https:\/\/api.w.org\/{rel}","templated":true}]}}