{"id":1015,"date":"2020-07-08T08:06:19","date_gmt":"2020-07-08T06:06:19","guid":{"rendered":"https:\/\/edublog.educastur.es\/ixuxu\/?p=1015"},"modified":"2020-09-12T19:14:13","modified_gmt":"2020-09-12T17:14:13","slug":"discu-chants-de-femmes-des-asturies","status":"publish","type":"post","link":"https:\/\/edublog.educastur.es\/ixuxu\/2020\/07\/discu-chants-de-femmes-des-asturies\/","title":{"rendered":"Discu &#8216;Chants de Femmes des Asturies&#8217;"},"content":{"rendered":"<p><span style=\"font-family: tahoma, arial, helvetica, sans-serif\"><a class=\"yt-simple-endpoint style-scope ytd-video-owner-renderer\" href=\"https:\/\/www.youtube.com\/user\/asturiescom\"><img decoding=\"async\" id=\"img\" class=\"style-scope yt-img-shadow\" src=\"https:\/\/yt3.ggpht.com\/a\/AATXAJxHszgCa_Nv1GJmY5ZkOuC4Y06-1fovfoApFkum=s48-c-k-c0xffffffff-no-rj-mo\" alt=\"\" width=\"48\" \/><\/a><span style=\"font-size: 20px\"><a class=\"yt-simple-endpoint style-scope yt-formatted-string\" href=\"https:\/\/www.youtube.com\/channel\/UCz_w0GbKHhS5CO_u_uVQ_aQ\">asturiescom<\/a><\/span><\/span><\/p>\n<div id=\"sponsor-button\" class=\"style-scope ytd-video-owner-renderer\"><em><a href=\"https:\/\/asturies.com\/noticies\/hai-quabrir-les-ventanes-nasturies-pa-quentre-aire-nuevu-y-nun-apoliye-la-musical-pais\"><strong>Ver Noticia<\/strong> <\/a>de 8 Xunetu, 2020 por <a class=\"username\" title=\"Ver perfil de usuario.\" href=\"https:\/\/asturies.com\/user\/632\">Pablo R. Guardado<\/a><\/em><\/div>\n<div id=\"analytics-button\" class=\"style-scope ytd-video-owner-renderer\"><\/div>\n<div id=\"subscribe-button\" class=\"style-scope ytd-video-secondary-info-renderer\"><\/div>\n<div id=\"content\" class=\"style-scope ytd-expander\">\n<div id=\"description\" class=\"style-scope ytd-video-secondary-info-renderer\"><span class=\"style-scope yt-formatted-string\" dir=\"auto\" style=\"font-family: tahoma, arial, helvetica, sans-serif;font-size: 20px\">MUGA presenta&#8217;l so discu &#8216;Chants de Femmes des Asturies&#8217;. Tres llevar el so espect\u00e1culu de mesmu nome a escenarios d\u2019Asturies, Catalunya o toda Francia, el grupu asturbret\u00f3n Muga grab\u00f3 col sellu discrogr\u00e1ficu gasc\u00f3n Pagans. <\/span><\/div>\n<\/div>\n<blockquote>\n<h1 class=\"title page-title\"><span style=\"color: #008080;font-family: tahoma, arial, helvetica, sans-serif\"><em>\u201cHai qu\u2019abrir les ventanes n\u2019Asturies pa qu\u2019entre aire nuevu y nun apoliye la m\u00fasica\u2019l pa\u00eds\u201d<\/em><\/span><\/h1>\n<\/blockquote>\n<div class=\"region region-content\">\n<div id=\"block-system-main\" class=\"block block-system\">\n<div class=\"block-inner\">\n<div class=\"content\">\n<div id=\"node-49968\" class=\"node node-noticies node-promoted clearfix\">\n<div class=\"node-inner\">\n<div class=\"full-node\">\n<div class=\"separador_seccion\"><\/div>\n<div class=\"submitted\">\n<!-- iframe plugin v.6.0 wordpress.org\/plugins\/iframe\/ -->\n<iframe loading=\"lazy\" width=\"588\" height=\"331\" src=\"https:\/\/www.youtube.com\/embed\/i4BPAHGlYP0\" scrolling=\"yes\" class=\"iframe-class\" frameborder=\"0\"><\/iframe>\n<\/div>\n<div><\/div>\n<div class=\"content clearfix\">\n<div class=\"field field-name-field-semeya2 field-type-image field-label-hidden\">\n<div class=\"field-items\">\n<div class=\"field-item even\"><em><span style=\"font-family: tahoma, arial, helvetica, sans-serif;font-size: 20px\">\u00a0<\/span><\/em><\/div>\n<\/div>\n<\/div>\n<div class=\"field field-name-body field-type-text-with-summary field-label-hidden\">\n<div class=\"field-items\">\n<div class=\"field-item even\">\n<p><em><span style=\"font-family: tahoma, arial, helvetica, sans-serif;font-size: 20px\">\u201cYe rock radical, ye rock esperimental, ye trance, ye punk, ye blues\u2026 Tien una fuercia, una radicalid\u00e1, una brutalid\u00e1, un arcaismu tan fuerte que ye una pena reducilo a la etiqueta de folk o de m\u00fasiques tradicionales\u201d, apunta Clara Diez. La voz de Muga fala nesti videu xunto con Thomas Felder de \u2018Chants de femmes des Asturies\u2019.<\/span><\/em><\/p>\n<p><em><span style=\"font-family: tahoma, arial, helvetica, sans-serif;font-size: 20px\">\u201cEl discu ye un reflexu de lo que facemos en direuto\u201d, a\u00f1ade Diez, la parte asturiana d\u2019esti tr\u00edu con sede n\u2019An Oriant, que por cierto, nun tien rellaci\u00f3n cola banda hom\u00f3nima asturiana de m\u00fasica infantil autora de temes como <a href=\"https:\/\/www.youtube.com\/watch?v=_q6_NtRyZ58\">Pr\u00e9stame pola vida<\/a>.<\/span><\/em><\/p>\n<p><!--more--><\/p>\n<p><em><span style=\"font-family: tahoma, arial, helvetica, sans-serif;font-size: 20px\">Tres llevar el so espect\u00e1culu de mesmu nome a escenarios d\u2019Asturies, Catalunya o toda Francia, Muga grab\u00f3 col sellu discrogr\u00e1ficu gasc\u00f3n Pagans, que trabaya con grupos qu&#8217;usen la m\u00fasica popular del so territoriu como material brutu pa esplorar les m\u00fasiques actuales.<\/span><\/em><\/p>\n<p><em><span style=\"font-family: tahoma, arial, helvetica, sans-serif;font-size: 20px\">\u201cTrabayamos con un repertoriu que tien una bayura de matices incre\u00edble\u201d, espliquen nesti videu p\u2019<strong>Asturies.com<\/strong>, nel que se pueden sentir cortes de dellos temes de \u2018Chants de femmes des Asturies\u2019, y\u00e1 a la venta, los dos componentes de la formaci\u00f3n que completa&#8217;l guitarrista Martin Chapron. \u201cEsti discu nun ye un amiestu de m\u00fasica bretona y asturiana, ye una m\u00fasica m\u00e1s bien de periferia d\u2019estilos de la m\u00fasica popular, de la m\u00fasica actual y de la m\u00fasica improvisao\u201d, rellata&#8217;l violinista Felder, que cuenta la so esperiencia de visitar y conocer Uvi\u00e9u y Amieva.<\/span><\/em><\/p>\n<p><em><span style=\"font-family: tahoma, arial, helvetica, sans-serif;font-size: 20px\"><span style=\"color: #008080\">\u00abHai qu\u2019abrir les ventanes n\u2019Asturies pa qu\u2019entre aire nuevu y nun apoliye la m\u00fasica\u2019l pa\u00eds, y nun apoliyemos nosotros con ella\u201d,<\/span> fina Diez, qu\u2019am\u00e1s de cantar toca la pandereta y el panderu.<\/span><\/em><\/p>\n<p><img loading=\"lazy\" decoding=\"async\" class=\"alignnone \" src=\"https:\/\/asturies.com\/sites\/default\/files\/styles\/large\/public\/clara_diez_discu_muga.png?itok=kDMTUSvo\" width=\"499\" height=\"281\" \/><\/p>\n<div class=\"iframecont\"><em>\u00a0<\/em><\/div>\n<\/div>\n<div><a href=\"https:\/\/asturies.com\/noticies\/muga-va-llevar-les-pieces-de-chants-de-femmes-des-asturies-a-un-discu\"><em>Muga va llevar les pieces de \u2018Chants de femmes des Asturies\u2019 a un discu<\/em><\/a><\/div>\n<\/div>\n<\/div>\n<\/div>\n<\/div>\n<\/div>\n<\/div>\n<\/div>\n<\/div>\n<\/div>\n<\/div>\n","protected":false},"excerpt":{"rendered":"<p>asturiescom Ver Noticia de 8 Xunetu, 2020 por Pablo R. Guardado MUGA presenta&#8217;l so discu &#8216;Chants de Femmes des Asturies&#8217;. Tres llevar el so espect\u00e1culu de mesmu nome a escenarios d\u2019Asturies, Catalunya o toda Francia, el grupu asturbret\u00f3n Muga grab\u00f3 col sellu discrogr\u00e1ficu gasc\u00f3n Pagans. \u201cHai qu\u2019abrir les ventanes n\u2019Asturies pa qu\u2019entre aire nuevu y [&hellip;]<\/p>\n","protected":false},"author":117,"featured_media":0,"comment_status":"closed","ping_status":"open","sticky":false,"template":"","format":"standard","meta":{"footnotes":""},"categories":[35],"tags":[],"class_list":["post-1015","post","type-post","status-publish","format-standard","hentry","category-musica"],"_links":{"self":[{"href":"https:\/\/edublog.educastur.es\/ixuxu\/wp-json\/wp\/v2\/posts\/1015","targetHints":{"allow":["GET"]}}],"collection":[{"href":"https:\/\/edublog.educastur.es\/ixuxu\/wp-json\/wp\/v2\/posts"}],"about":[{"href":"https:\/\/edublog.educastur.es\/ixuxu\/wp-json\/wp\/v2\/types\/post"}],"author":[{"embeddable":true,"href":"https:\/\/edublog.educastur.es\/ixuxu\/wp-json\/wp\/v2\/users\/117"}],"replies":[{"embeddable":true,"href":"https:\/\/edublog.educastur.es\/ixuxu\/wp-json\/wp\/v2\/comments?post=1015"}],"version-history":[{"count":4,"href":"https:\/\/edublog.educastur.es\/ixuxu\/wp-json\/wp\/v2\/posts\/1015\/revisions"}],"predecessor-version":[{"id":1017,"href":"https:\/\/edublog.educastur.es\/ixuxu\/wp-json\/wp\/v2\/posts\/1015\/revisions\/1017"}],"wp:attachment":[{"href":"https:\/\/edublog.educastur.es\/ixuxu\/wp-json\/wp\/v2\/media?parent=1015"}],"wp:term":[{"taxonomy":"category","embeddable":true,"href":"https:\/\/edublog.educastur.es\/ixuxu\/wp-json\/wp\/v2\/categories?post=1015"},{"taxonomy":"post_tag","embeddable":true,"href":"https:\/\/edublog.educastur.es\/ixuxu\/wp-json\/wp\/v2\/tags?post=1015"}],"curies":[{"name":"wp","href":"https:\/\/api.w.org\/{rel}","templated":true}]}}