{"id":10173,"date":"2021-09-29T11:00:27","date_gmt":"2021-09-29T09:00:27","guid":{"rendered":"https:\/\/edublog.educastur.es\/ixuxu\/?p=10173"},"modified":"2021-10-02T18:10:31","modified_gmt":"2021-10-02T16:10:31","slug":"10173","status":"publish","type":"post","link":"https:\/\/edublog.educastur.es\/ixuxu\/2021\/09\/10173\/","title":{"rendered":"Roald Dahl n\u2019asturianu"},"content":{"rendered":"<h1 class=\"page-title\" style=\"text-align: center\"><span style=\"font-size: 20px;color: #008080\">La coleici\u00f3n d\u2019obres de Roald Dahl n\u2019asturianu estr\u00e9nase con \u2018El xenial Don Raposu\u2019<\/span><\/h1>\n<div class=\"region region-content\">\n<div id=\"block-system-main\" class=\"block block-system\">\n<div class=\"content\">\n<div class=\"content\">\n<div class=\"field field-name-field-semeya3 field-type-image field-label-hidden\">\n<div class=\"field-items\">\n<div class=\"field-item even\"><a href=\"https:\/\/asturies.com\/sites\/default\/files\/cubierta_el_xenial_don_raposu_de_roald_dahl_recortada.jpg\"><img loading=\"lazy\" decoding=\"async\" class=\"aligncenter\" title=\"Cubierta 'El xenial Don Raposu' de Roald Dahl recortada\" src=\"https:\/\/asturies.com\/sites\/default\/files\/cubierta_el_xenial_don_raposu_de_roald_dahl_recortada.jpg\" alt=\"Cubierta 'El xenial Don Raposu' de Roald Dahl recortada\" width=\"506\" height=\"258\" \/><\/a><\/div>\n<\/div>\n<\/div>\n<div class=\"field field-name-body field-type-text-with-summary field-label-hidden\">\n<div class=\"field-items\">\n<div class=\"field-item even\">\n<p><a href=\"https:\/\/twitter.com\/nbardio\"><span style=\"color: #008080\"><strong>Nicol\u00e1s Bardio<\/strong><\/span><\/a>, responsable d\u2019<a href=\"https:\/\/edicionesradagast.com\/\">Ediciones Radagast<\/a>, encarg\u00f3se de la torna al asturianu de \u2018Fantastic Mr Fox\u2019, tray\u00edu al nuesu idioma como \u2018El xenial Don Raposu\u2019. Ye\u2019l primer t\u00edtulu del conoc\u00edu autor gal\u00e9s de padres noruegos Roald Dahl que va asoleyar la editorial, cola previsi\u00f3n de traducir la totalid\u00e1 de la so obra.<\/p>\n<ul>\n<li><a href=\"https:\/\/asturies.com\/alagueta\/la-coleicion-dobres-de-roald-dahl-nasturianu-estrenase-con-el-xenial-don-raposu?fbclid=IwAR2qZ1qHfmcYTUqVGLQD1y8oBOK2lzCPPp_GgX7lY_V57EvCkWMrf8E2pW4\">Fonte noticia: A la Gueta los Sua\u00f1os<\/a><\/li>\n<li><a class=\"username\" title=\"Ver perfil de usuario.\" href=\"https:\/\/asturies.com\/user\/632\">Pablo R. Guardado<\/a><\/li>\n<li><a href=\"https:\/\/edicionesradagast.com\/\">Ediciones Radagast<\/a> \/<a href=\"https:\/\/edicionesradagast.com\/producto\/el-xenial-don-raposu\/\"> Ficha llibru<\/a> \/ 15 \u20ac<\/li>\n<\/ul>\n<p><!--more--><\/p>\n<p>\u201cEllo yera una vez que nun valle hab\u00eda tr\u00e9s caser\u00edes. A los propietarios d\u00edba-yos bien. Yeren homes ricos. Tami\u00e9n yeren homes malos. Los tr\u00e9s yeren tan malos y feos como l\u2019home m\u00e1s feu y malu que puedas atopar. Llam\u00e1bense \u00c1nxelu, Albino y Ant\u00f3n\u201d ye l\u2019entamu de \u2018El xenial Don Raposu\u2019, llibru espubliz\u00e1u nel 1970 que cuenta \u201cles aventures d&#8217;un raposu y la so familia a los que tr\u00e9s ganaderos gafos escuerren y quieren matar de fame\u201d, esplica Bardio. Don Raposu, mui intelixente, discurrir\u00e1 un plan \u201cpa safase d&#8217;ellos y da-yos onde m\u00e1s-yos duel\u201d.<\/p>\n<p>La versi\u00f3n de Radagast va contar coles ilustraciones a tou color del ingl\u00e9s Quentin Blake, que trabayara munchos a\u00f1os con Dahl y s\u2019encargara de la edici\u00f3n del llibru fecha nel 1996. Fin\u00e1u nel 1990, l\u2019escritor gal\u00e9s, pilotu na Segunda Guerra Mundial y esp\u00eda, ye responsable d\u2019histories pa ne\u00f1es y ne\u00f1os bien conoc\u00edes como \u2018Charlie and the Chocolate Factory\u2019 o \u2018Matilda\u2019, y escribi\u00f3\u2019l cuentu \u2018The Gremlins\u2019, con personaxes qu\u2019inspiraron el popular filme de los 80.<\/p>\n<p>Esti mesmu a\u00f1u la editorial va espublizar una segunda obra de Dahl, cola previsi\u00f3n de trayer tola so producci\u00f3n lliteraria al asturianu nos pr\u00f3ximos a\u00f1os. \u2018El xenial Don Raposu\u2019 y\u00e1 ta a la venta na rede y en llibrer\u00edes a un preciu de 15 euros.<\/p>\n<p style=\"text-align: center\"><a href=\"https:\/\/asturies.com\/sites\/default\/files\/cubierta_el_xenial_don_raposu_de_roald_dahl_0.jpg\"><img loading=\"lazy\" decoding=\"async\" class=\"alignnone\" src=\"https:\/\/asturies.com\/sites\/default\/files\/cubierta_el_xenial_don_raposu_de_roald_dahl_0.jpg\" alt=\"\" width=\"484\" height=\"731\" \/><\/a><\/p>\n<p>&nbsp;<\/p>\n<p>&nbsp;<\/p>\n<\/div>\n<\/div>\n<\/div>\n<\/div>\n<\/div>\n<\/div>\n<\/div>\n<p>&nbsp;<\/p>\n","protected":false},"excerpt":{"rendered":"<p>La coleici\u00f3n d\u2019obres de Roald Dahl n\u2019asturianu estr\u00e9nase con \u2018El xenial Don Raposu\u2019 Nicol\u00e1s Bardio, responsable d\u2019Ediciones Radagast, encarg\u00f3se de la torna al asturianu de \u2018Fantastic Mr Fox\u2019, tray\u00edu al nuesu idioma como \u2018El xenial Don Raposu\u2019. Ye\u2019l primer t\u00edtulu del conoc\u00edu autor gal\u00e9s de padres noruegos Roald Dahl que va asoleyar la editorial, cola [&hellip;]<\/p>\n","protected":false},"author":117,"featured_media":0,"comment_status":"open","ping_status":"open","sticky":false,"template":"","format":"standard","meta":{"footnotes":""},"categories":[9,10,13],"tags":[],"class_list":["post-10173","post","type-post","status-publish","format-standard","hentry","category-libros-adultos","category-llibros-reciella","category-novedaes"],"_links":{"self":[{"href":"https:\/\/edublog.educastur.es\/ixuxu\/wp-json\/wp\/v2\/posts\/10173","targetHints":{"allow":["GET"]}}],"collection":[{"href":"https:\/\/edublog.educastur.es\/ixuxu\/wp-json\/wp\/v2\/posts"}],"about":[{"href":"https:\/\/edublog.educastur.es\/ixuxu\/wp-json\/wp\/v2\/types\/post"}],"author":[{"embeddable":true,"href":"https:\/\/edublog.educastur.es\/ixuxu\/wp-json\/wp\/v2\/users\/117"}],"replies":[{"embeddable":true,"href":"https:\/\/edublog.educastur.es\/ixuxu\/wp-json\/wp\/v2\/comments?post=10173"}],"version-history":[{"count":3,"href":"https:\/\/edublog.educastur.es\/ixuxu\/wp-json\/wp\/v2\/posts\/10173\/revisions"}],"predecessor-version":[{"id":10176,"href":"https:\/\/edublog.educastur.es\/ixuxu\/wp-json\/wp\/v2\/posts\/10173\/revisions\/10176"}],"wp:attachment":[{"href":"https:\/\/edublog.educastur.es\/ixuxu\/wp-json\/wp\/v2\/media?parent=10173"}],"wp:term":[{"taxonomy":"category","embeddable":true,"href":"https:\/\/edublog.educastur.es\/ixuxu\/wp-json\/wp\/v2\/categories?post=10173"},{"taxonomy":"post_tag","embeddable":true,"href":"https:\/\/edublog.educastur.es\/ixuxu\/wp-json\/wp\/v2\/tags?post=10173"}],"curies":[{"name":"wp","href":"https:\/\/api.w.org\/{rel}","templated":true}]}}