{"id":10385,"date":"2021-10-09T10:00:09","date_gmt":"2021-10-09T08:00:09","guid":{"rendered":"https:\/\/edublog.educastur.es\/ixuxu\/?p=10385"},"modified":"2021-10-11T20:11:01","modified_gmt":"2021-10-11T18:11:01","slug":"fotografia-dun-colibri-alimentando-a-la-so-cria","status":"publish","type":"post","link":"https:\/\/edublog.educastur.es\/ixuxu\/2021\/10\/fotografia-dun-colibri-alimentando-a-la-so-cria\/","title":{"rendered":"Fotograf\u00eda d&#8217;un colibr\u00ed alimentando a la so cr\u00eda"},"content":{"rendered":"<p style=\"text-align: center\"><a href=\"https:\/\/tinypix.top\/images\/2021\/10\/11\/vrPKI.jpg\"><img loading=\"lazy\" decoding=\"async\" class=\"alignnone\" src=\"https:\/\/tinypix.top\/images\/2021\/10\/11\/vrPKI.jpg\" alt=\"\" width=\"398\" height=\"579\" \/><\/a><\/p>\n<p>Fotograf\u00eda d&#8217;un colibr\u00ed\u00a0 alimentando a la so cr\u00eda, la naturaleza na so explendor.<\/p>\n<p>F<a href=\"https:\/\/www.facebook.com\/amorososone\/photos\/a.105828121774439\/138140261876558\/\">onte: Facebook Amorosos<\/a><\/p>\n<p><!--more--><\/p>\n<p style=\"text-align: center\"><a href=\"https:\/\/estaticos.muyinteresante.es\/media\/cache\/1000x460_thumb\/uploads\/images\/gallery\/5f9af2765bafe864e6bbcd83\/1-colibri-volando_0.jpg\"><img loading=\"lazy\" decoding=\"async\" class=\"alignnone\" src=\"https:\/\/estaticos.muyinteresante.es\/media\/cache\/1000x460_thumb\/uploads\/images\/gallery\/5f9af2765bafe864e6bbcd83\/1-colibri-volando_0.jpg\" alt=\"\" width=\"1000\" height=\"460\" \/><\/a><\/p>\n<ul>\n<li>Colibr\u00ed (ave): <a href=\"https:\/\/es.wikipedia.org\/wiki\/Colibr%C3%AD_(ave)\">wiki<\/a> \/ <a href=\"https:\/\/www.google.com\/search?q=colibri&amp;client=firefox-b-d&amp;sxsrf=AOaemvKkdEE7gYfT3f_K04rPV4kCDakHTw:1633975674522&amp;source=lnms&amp;tbm=isch&amp;sa=X&amp;ved=2ahUKEwi02Jrd-cLzAhUy7eAKHenSBNkQ_AUoAXoECAEQAw&amp;biw=1536&amp;bih=739&amp;dpr=1.25\">semeyes<\/a> \/<\/li>\n<\/ul>\n<p><i><b>Colibri<\/b><\/i> es un <a title=\"G\u00e9nero (biolog\u00eda)\" href=\"https:\/\/es.wikipedia.org\/wiki\/G%C3%A9nero_(biolog%C3%ADa)\">g\u00e9nero<\/a> de <a title=\"Aves\" href=\"https:\/\/es.wikipedia.org\/wiki\/Aves\">aves<\/a> <a title=\"Apodiformes\" href=\"https:\/\/es.wikipedia.org\/wiki\/Apodiformes\">apodiformes<\/a> pertenecientes a la <a class=\"mw-redirect\" title=\"Subfamilia\" href=\"https:\/\/es.wikipedia.org\/wiki\/Subfamilia\">subfamilia<\/a> de los <a title=\"Trochilinae\" href=\"https:\/\/es.wikipedia.org\/wiki\/Trochilinae\">troquilinos<\/a> (Trochilinae). El g\u00e9nero agrupa a cinco <a title=\"Especie\" href=\"https:\/\/es.wikipedia.org\/wiki\/Especie\">especies<\/a> con una distribuci\u00f3n principalmente <a title=\"Neotr\u00f3pico\" href=\"https:\/\/es.wikipedia.org\/wiki\/Neotr%C3%B3pico\">neotropical<\/a>.<\/p>\n<p style=\"text-align: center\"><a href=\"https:\/\/noticiasambientales.com\/wp-content\/uploads\/2020\/09\/colibri-rdn.jpg\"><img loading=\"lazy\" decoding=\"async\" class=\"alignnone\" src=\"https:\/\/noticiasambientales.com\/wp-content\/uploads\/2020\/09\/colibri-rdn.jpg\" alt=\"\" width=\"1067\" height=\"800\" \/><\/a><\/p>\n<p>Las <a class=\"mw-redirect\" title=\"Especies\" href=\"https:\/\/es.wikipedia.org\/wiki\/Especies\">especies<\/a> que forman el g\u00e9nero <i>Colibri<\/i> tienen un tama\u00f1o que oscila entre 9,5 y 15\u00a0<a title=\"Cent\u00edmetro\" href=\"https:\/\/es.wikipedia.org\/wiki\/Cent%C3%ADmetro\">cm<\/a>, y un peso de 4,8 a 8,5\u00a0<a title=\"Gramo\" href=\"https:\/\/es.wikipedia.org\/wiki\/Gramo\">g<\/a>. Aunque son aves peque\u00f1as, no son las m\u00e1s peque\u00f1as, dado que estos pertenecen al g\u00e9nero <i><a title=\"Mellisuga\" href=\"https:\/\/es.wikipedia.org\/wiki\/Mellisuga\">Mellisuga<\/a><\/i>. Tienen cola amplia, bifurcada o redondeada. El pico es negro y delgado, relativamente largo y curvado, y tienen una larga lengua en forma tubular. El <a title=\"Plumaje\" href=\"https:\/\/es.wikipedia.org\/wiki\/Plumaje\">plumaje<\/a> de tres de las cuatro especies es principalmente verde o gris claro. Los machos tienen una mancha violeta-azul corriendo hacia atr\u00e1s y abajo del ojo (cuyas plumas se levantan cuando est\u00e1n excitados) y un parche brillante sobre la garganta. El plumaje de las hembras se parece al de los machos, pero los parches del o\u00eddo y de la garganta son m\u00e1s peque\u00f1os.<\/p>\n<p>Construyen <a title=\"Nido de aves\" href=\"https:\/\/es.wikipedia.org\/wiki\/Nido_de_aves\">nidos<\/a> en forma de copa con los restos de hilos, ramas y plumas amoldadas mediante el leng\u00fceteo y el apisonamiento. Suelen poner 2 <a title=\"Huevo (biolog\u00eda)\" href=\"https:\/\/es.wikipedia.org\/wiki\/Huevo_(biolog%C3%ADa)\">huevos<\/a> de color blanco. Mientras incuban, son agresivamente territoriales e impiden el fisgoneo de otras avecillas, inclusive de la misma especie, en la cercan\u00eda del nido.<\/p>\n<p style=\"text-align: center\"><a href=\"https:\/\/imagenes.elpais.com\/resizer\/Ts93DexMIt8LwCGOf9iCDNrJHEo=\/1960x0\/vdmedia.elpais.com\/elpaistop\/201912\/27\/20191227105150507_1577466757_asset_still.png\"><img loading=\"lazy\" decoding=\"async\" class=\"alignnone\" src=\"https:\/\/imagenes.elpais.com\/resizer\/Ts93DexMIt8LwCGOf9iCDNrJHEo=\/1960x0\/vdmedia.elpais.com\/elpaistop\/201912\/27\/20191227105150507_1577466757_asset_still.png\" alt=\"\" width=\"1960\" height=\"1306\" \/><\/a><\/p>\n<p>A pesar de que muchos mueren durante su primer a\u00f1o de vida, especialmente en el vulnerable periodo entre la incubaci\u00f3n y el momento de abandonar el nido, aquellos que sobreviven viven una media de entre 3 y 4 a\u00f1os.<sup>[<i><a title=\"Wikipedia:Verificabilidad\" href=\"https:\/\/es.wikipedia.org\/wiki\/Wikipedia:Verificabilidad\">cita\u00a0requerida<\/a><\/i>]<\/sup><\/p>\n<p style=\"text-align: center\"><a href=\"https:\/\/cnnespanol.cnn.com\/wp-content\/uploads\/2021\/08\/colibri%CC%81.jpeg?quality=100&amp;strip=info\"><img loading=\"lazy\" decoding=\"async\" class=\"alignnone\" src=\"https:\/\/cnnespanol.cnn.com\/wp-content\/uploads\/2021\/08\/colibri%CC%81.jpeg?quality=100&amp;strip=info\" alt=\"\" width=\"1100\" height=\"619\" \/><\/a><\/p>\n","protected":false},"excerpt":{"rendered":"<p>Fotograf\u00eda d&#8217;un colibr\u00ed\u00a0 alimentando a la so cr\u00eda, la naturaleza na so explendor. Fonte: Facebook Amorosos<\/p>\n","protected":false},"author":117,"featured_media":0,"comment_status":"open","ping_status":"open","sticky":false,"template":"","format":"image","meta":{"footnotes":""},"categories":[4],"tags":[],"class_list":["post-10385","post","type-post","status-publish","format-image","hentry","category-natura","post_format-post-format-image"],"_links":{"self":[{"href":"https:\/\/edublog.educastur.es\/ixuxu\/wp-json\/wp\/v2\/posts\/10385","targetHints":{"allow":["GET"]}}],"collection":[{"href":"https:\/\/edublog.educastur.es\/ixuxu\/wp-json\/wp\/v2\/posts"}],"about":[{"href":"https:\/\/edublog.educastur.es\/ixuxu\/wp-json\/wp\/v2\/types\/post"}],"author":[{"embeddable":true,"href":"https:\/\/edublog.educastur.es\/ixuxu\/wp-json\/wp\/v2\/users\/117"}],"replies":[{"embeddable":true,"href":"https:\/\/edublog.educastur.es\/ixuxu\/wp-json\/wp\/v2\/comments?post=10385"}],"version-history":[{"count":1,"href":"https:\/\/edublog.educastur.es\/ixuxu\/wp-json\/wp\/v2\/posts\/10385\/revisions"}],"predecessor-version":[{"id":10386,"href":"https:\/\/edublog.educastur.es\/ixuxu\/wp-json\/wp\/v2\/posts\/10385\/revisions\/10386"}],"wp:attachment":[{"href":"https:\/\/edublog.educastur.es\/ixuxu\/wp-json\/wp\/v2\/media?parent=10385"}],"wp:term":[{"taxonomy":"category","embeddable":true,"href":"https:\/\/edublog.educastur.es\/ixuxu\/wp-json\/wp\/v2\/categories?post=10385"},{"taxonomy":"post_tag","embeddable":true,"href":"https:\/\/edublog.educastur.es\/ixuxu\/wp-json\/wp\/v2\/tags?post=10385"}],"curies":[{"name":"wp","href":"https:\/\/api.w.org\/{rel}","templated":true}]}}