{"id":10444,"date":"2021-10-09T09:00:51","date_gmt":"2021-10-09T07:00:51","guid":{"rendered":"https:\/\/edublog.educastur.es\/ixuxu\/?p=10444"},"modified":"2021-10-12T23:52:50","modified_gmt":"2021-10-12T21:52:50","slug":"dia-mundial-del-correu","status":"publish","type":"post","link":"https:\/\/edublog.educastur.es\/ixuxu\/2021\/10\/dia-mundial-del-correu\/","title":{"rendered":"D\u00eda Mundial del Corr\u00e9u"},"content":{"rendered":"<p><a href=\"http:\/\/2.bp.blogspot.com\/_Q3nCrh2zC50\/TLRsmfiWSiI\/AAAAAAAAB0o\/6_U7wByMeGU\/s1600\/1970+espa%C3%B1a+dia+mundial+del+correo+-+UPU.jpg\"><img loading=\"lazy\" decoding=\"async\" class=\"aligncenter\" src=\"http:\/\/2.bp.blogspot.com\/_Q3nCrh2zC50\/TLRsmfiWSiI\/AAAAAAAAB0o\/6_U7wByMeGU\/s1600\/1970+espa%C3%B1a+dia+mundial+del+correo+-+UPU.jpg\" alt=\"\" width=\"529\" height=\"276\" \/><\/a><\/p>\n<blockquote><p><span style=\"font-size: 14px\"><span style=\"color: #008080\"><strong><em>\u201cEscribir ye la manera m\u00e1s fonda de lleer la vida\u201d<\/em><\/strong><\/span> Francisco Estragal.<\/span><\/p><\/blockquote>\n<p>G\u00fcei, 9 d&#8217;ochobre, celebramos el <strong>D\u00eda Mundial del Corr\u00e9u.<\/strong> El d\u00eda 9 d&#8217;ochobre, fecha en que foi fundada nel a\u00f1u 1874 la <strong><span style=\"color: #008080\">Uni\u00f3n Postal Universal<\/span> <\/strong>la comunid\u00e1 postal celebra una vegada m\u00e1s el D\u00eda Mundial del Corr\u00e9u, ta allug\u00e1u na Selmana Internacional de la Carta, que siempres correspuende a la selmana que contien al 9 d&#8217;ochobre.<\/p>\n<ul>\n<li><a href=\"https:\/\/es.wikipedia.org\/wiki\/D%C3%ADa_Mundial_del_Correo\">Info: wiki<\/a> \/<a href=\"https:\/\/www.google.com\/search?q=dia+mundial+del+correo&amp;client=firefox-b-d&amp;sxsrf=AOaemvLnpGv1GheZL2DxMwjz0WIyVK_gKQ:1634075068860&amp;source=lnms&amp;tbm=isch&amp;sa=X&amp;ved=2ahUKEwiN0Y-A7MXzAhWR5OAKHQ1vA2MQ_AUoAXoECAEQAw&amp;biw=1536&amp;bih=739&amp;dpr=1.25\"> im\u00e1xenes<\/a> \/<\/li>\n<\/ul>\n<p><!--more--><\/p>\n<p>El D\u00eda Mundial del Corr\u00e9u celebra cada a\u00f1u&#8217;l 9 d&#8217;ochobre, coincidiendo col aniversariu del establecimientu de la Uni\u00f3n Postal Universal en 1874 na capital de Suiza, Berna. Foi declar\u00e1u D\u00eda Mundial del Corr\u00e9u pol Congresu de la UPU (Uni\u00f3n Postal Universal) celebr\u00e1u en Tokio, Xap\u00f3n en 1969. <span style=\"color: #008080\">De magar, pa\u00edses de too el mundu participen a\u00f1almente nes celebraciones y los Correos de munchos pa\u00edses utilicen l&#8217;eventu para presentar o promover nuevos productos y servicios postales.<\/span><\/p>\n<p style=\"text-align: center\"><a href=\"http:\/\/4.bp.blogspot.com\/_Q3nCrh2zC50\/TLRsYI_NOKI\/AAAAAAAAB0Y\/hHJj4uF-8EQ\/s1600\/1969+dia+mundial+sello+sobre.jpg\"><img loading=\"lazy\" decoding=\"async\" class=\"alignnone\" src=\"http:\/\/4.bp.blogspot.com\/_Q3nCrh2zC50\/TLRsYI_NOKI\/AAAAAAAAB0Y\/hHJj4uF-8EQ\/s1600\/1969+dia+mundial+sello+sobre.jpg\" alt=\"\" width=\"770\" height=\"437\" \/><\/a><\/p>\n<p><span style=\"text-decoration: underline\">La Uni\u00f3n Postal Universal tien ente los sos oxetivos:<\/span><\/p>\n<ul>\n<li>Buscar ameyorar los servicios postales.<\/li>\n<li>Ufiertar asistencia t\u00e9cnica a los pa\u00edses miembros que lu soliciten.<\/li>\n<li>Promover la collaboraci\u00f3n en materia postal.<\/li>\n<li>Afitar tarifes, llendes de pesu y condiciones p&#8217;aceptar la correspondencia.<\/li>\n<li>Facilitar la comunicaci\u00f3n a nivel mundial.<\/li>\n<\/ul>\n<p>Na actualid\u00e1 ta conformada por 191 pa\u00edses. \u00bfYes de los qu&#8217;inda manden cartes y postales para comunicase colos sos seres quer\u00edos?<\/p>\n<p style=\"text-align: center\"><a href=\"https:\/\/www.lavozdegalicia.es\/default\/2019\/10\/08\/00121570486982126366603\/Foto\/GO8P31F1_0223.jpg\"><img loading=\"lazy\" decoding=\"async\" class=\"alignnone\" src=\"https:\/\/www.lavozdegalicia.es\/default\/2019\/10\/08\/00121570486982126366603\/Foto\/GO8P31F1_0223.jpg\" alt=\"\" width=\"1280\" height=\"720\" \/><\/a><\/p>\n<p style=\"text-align: center\">\n<!-- iframe plugin v.6.0 wordpress.org\/plugins\/iframe\/ -->\n<iframe width=\"665\" height=\"364\" 0=\"src=&quot;https:\/\/www.youtube.com\/embed\/_yhIY9WE_fA&quot;\/iframe\" scrolling=\"yes\" class=\"iframe-class\" frameborder=\"0\"><\/iframe>\n<\/p>\n","protected":false},"excerpt":{"rendered":"<p>\u201cEscribir ye la manera m\u00e1s fonda de lleer la vida\u201d Francisco Estragal. G\u00fcei, 9 d&#8217;ochobre, celebramos el D\u00eda Mundial del Corr\u00e9u. El d\u00eda 9 d&#8217;ochobre, fecha en que foi fundada nel a\u00f1u 1874 la Uni\u00f3n Postal Universal la comunid\u00e1 postal celebra una vegada m\u00e1s el D\u00eda Mundial del Corr\u00e9u, ta allug\u00e1u na Selmana Internacional de [&hellip;]<\/p>\n","protected":false},"author":117,"featured_media":0,"comment_status":"open","ping_status":"open","sticky":false,"template":"","format":"standard","meta":{"footnotes":""},"categories":[6],"tags":[],"class_list":["post-10444","post","type-post","status-publish","format-standard","hentry","category-dia-de"],"_links":{"self":[{"href":"https:\/\/edublog.educastur.es\/ixuxu\/wp-json\/wp\/v2\/posts\/10444","targetHints":{"allow":["GET"]}}],"collection":[{"href":"https:\/\/edublog.educastur.es\/ixuxu\/wp-json\/wp\/v2\/posts"}],"about":[{"href":"https:\/\/edublog.educastur.es\/ixuxu\/wp-json\/wp\/v2\/types\/post"}],"author":[{"embeddable":true,"href":"https:\/\/edublog.educastur.es\/ixuxu\/wp-json\/wp\/v2\/users\/117"}],"replies":[{"embeddable":true,"href":"https:\/\/edublog.educastur.es\/ixuxu\/wp-json\/wp\/v2\/comments?post=10444"}],"version-history":[{"count":5,"href":"https:\/\/edublog.educastur.es\/ixuxu\/wp-json\/wp\/v2\/posts\/10444\/revisions"}],"predecessor-version":[{"id":10450,"href":"https:\/\/edublog.educastur.es\/ixuxu\/wp-json\/wp\/v2\/posts\/10444\/revisions\/10450"}],"wp:attachment":[{"href":"https:\/\/edublog.educastur.es\/ixuxu\/wp-json\/wp\/v2\/media?parent=10444"}],"wp:term":[{"taxonomy":"category","embeddable":true,"href":"https:\/\/edublog.educastur.es\/ixuxu\/wp-json\/wp\/v2\/categories?post=10444"},{"taxonomy":"post_tag","embeddable":true,"href":"https:\/\/edublog.educastur.es\/ixuxu\/wp-json\/wp\/v2\/tags?post=10444"}],"curies":[{"name":"wp","href":"https:\/\/api.w.org\/{rel}","templated":true}]}}