{"id":10506,"date":"2021-10-16T09:05:20","date_gmt":"2021-10-16T07:05:20","guid":{"rendered":"https:\/\/edublog.educastur.es\/ixuxu\/?p=10506"},"modified":"2021-10-16T23:03:33","modified_gmt":"2021-10-16T21:03:33","slug":"dia-mundial-de-lalimentacion","status":"publish","type":"post","link":"https:\/\/edublog.educastur.es\/ixuxu\/2021\/10\/dia-mundial-de-lalimentacion\/","title":{"rendered":"D\u00eda Mundial de l&#8217;Alimentaci\u00f3n"},"content":{"rendered":"<p style=\"text-align: center\"><a href=\"https:\/\/tinypix.top\/images\/2021\/10\/16\/vkRPO.png\"><img loading=\"lazy\" decoding=\"async\" class=\"alignnone\" src=\"https:\/\/tinypix.top\/images\/2021\/10\/16\/vkRPO.png\" alt=\"\" width=\"457\" height=\"457\" \/><\/a><\/p>\n<p><span class=\"d2edcug0 hpfvmrgz qv66sw1b c1et5uql lr9zc1uh a8c37x1j keod5gw0 nxhoafnm aigsh9s9 d3f4x2em fe6kdd0r mau55g9w c8b282yb iv3no6db jq4qci2q a3bd9o3v b1v8xokw oo9gr5id\" dir=\"auto\">En la actualidad, m\u00e1s de 1.000 millones de personas sufren escasez de alimentos en el mundo. Debemos proteger la biodiversidad para salvaguardar la seguridad alimentaria mundial y hacer frente a las necesidades futuras de una poblaci\u00f3n en aumento.<br \/>\n<\/span><\/p>\n<p><!--more--><\/p>\n<p>Foi proclam\u00e1u en 1979 pola Organizaci\u00f3n de les Naciones Xun\u00edes para l&#8217;Agricultura y l&#8217;Alimentaci\u00f3n \u200b.<\/p>\n<ul>\n<li><a href=\"https:\/\/www.fao.org\/world-food-day\/es\">FAO<\/a> \/<\/li>\n<\/ul>\n<p style=\"text-align: center\">\n<!-- iframe plugin v.6.0 wordpress.org\/plugins\/iframe\/ -->\n<iframe loading=\"lazy\" width=\"540\" height=\"304\" src=\"https:\/\/www.youtube.com\/embed\/KejZuh7-VOs\" 0=\"\/iframe\" scrolling=\"yes\" class=\"iframe-class\" frameborder=\"0\"><\/iframe>\n<\/p>\n<p>Los alimentos qu&#8217;escueyas y la so forma de consumu afecten a nuesa sal\u00fa y a la del nuesu planeta. Repercute na manera de funcionar de los sistemes agroalimentarios. Precisamos construyir un futuru con abondos alimentos nutritivos, inocuos y algamadizos para toos. Y tienes de formar parte del camb\u00e9u.<\/p>\n<p style=\"text-align: center\">Una celebraci\u00f3n promovida pola <a href=\"https:\/\/www.fao.org\/world-food-day\/es\"><span style=\"text-decoration: underline;color: #008080\">Organizaci\u00f3n de les Naciones Xun\u00edes para l&#8217;Agricultura y l&#8217;Alimentaci\u00f3n (FAO)<\/span><\/a>, col claru oxetivu de menguar la fame nel mundu, prop\u00f3situ que tami\u00e9n busca l&#8217;Axenda 2030 cola so meta de \u00abfame cero\u00bb.<\/p>\n<blockquote>\n<p style=\"text-align: center\"><strong><em><span style=\"color: #008080;font-size: 20px\">\u00abLes nueses acciones son el nuesu futuru\u00bb<\/span><\/em><\/strong><\/p>\n<\/blockquote>\n<p>Cada a\u00f1u, la FAO c\u00e9ntrase nun lema para espublizar la campa\u00f1a del D\u00eda Mundial de l&#8217;Alimentaci\u00f3n. Para&#8217;l 2021, el lema ye: \u00abLes nueses acciones son el nuesu futuru\u00bb. P\u00eddese un esfuerzu para ser m\u00e1s sostenibles nes nueses acciones diaries, amenorgando&#8217;l desperdiciu\u00a0 d&#8217;alimentos, creando conciencia sobro una nutrici\u00f3n sana y equilibrada. Y tou ello coles mires de llegar a la Fame Cero y de protexer el mediu ambiente.<\/p>\n<p style=\"text-align: center\"><a href=\"https:\/\/labuenanutricion.com\/wp-content\/uploads\/2020\/08\/infografia-alimentacion-saludable.jpg\"><img loading=\"lazy\" decoding=\"async\" class=\"alignnone\" src=\"https:\/\/labuenanutricion.com\/wp-content\/uploads\/2020\/08\/infografia-alimentacion-saludable.jpg\" alt=\"\" width=\"800\" height=\"1181\" \/><\/a><\/p>\n","protected":false},"excerpt":{"rendered":"<p>En la actualidad, m\u00e1s de 1.000 millones de personas sufren escasez de alimentos en el mundo. Debemos proteger la biodiversidad para salvaguardar la seguridad alimentaria mundial y hacer frente a las necesidades futuras de una poblaci\u00f3n en aumento.<\/p>\n","protected":false},"author":117,"featured_media":0,"comment_status":"open","ping_status":"open","sticky":false,"template":"","format":"standard","meta":{"footnotes":""},"categories":[138,6],"tags":[],"class_list":["post-10506","post","type-post","status-publish","format-standard","hentry","category-alimentos","category-dia-de"],"_links":{"self":[{"href":"https:\/\/edublog.educastur.es\/ixuxu\/wp-json\/wp\/v2\/posts\/10506","targetHints":{"allow":["GET"]}}],"collection":[{"href":"https:\/\/edublog.educastur.es\/ixuxu\/wp-json\/wp\/v2\/posts"}],"about":[{"href":"https:\/\/edublog.educastur.es\/ixuxu\/wp-json\/wp\/v2\/types\/post"}],"author":[{"embeddable":true,"href":"https:\/\/edublog.educastur.es\/ixuxu\/wp-json\/wp\/v2\/users\/117"}],"replies":[{"embeddable":true,"href":"https:\/\/edublog.educastur.es\/ixuxu\/wp-json\/wp\/v2\/comments?post=10506"}],"version-history":[{"count":6,"href":"https:\/\/edublog.educastur.es\/ixuxu\/wp-json\/wp\/v2\/posts\/10506\/revisions"}],"predecessor-version":[{"id":10512,"href":"https:\/\/edublog.educastur.es\/ixuxu\/wp-json\/wp\/v2\/posts\/10506\/revisions\/10512"}],"wp:attachment":[{"href":"https:\/\/edublog.educastur.es\/ixuxu\/wp-json\/wp\/v2\/media?parent=10506"}],"wp:term":[{"taxonomy":"category","embeddable":true,"href":"https:\/\/edublog.educastur.es\/ixuxu\/wp-json\/wp\/v2\/categories?post=10506"},{"taxonomy":"post_tag","embeddable":true,"href":"https:\/\/edublog.educastur.es\/ixuxu\/wp-json\/wp\/v2\/tags?post=10506"}],"curies":[{"name":"wp","href":"https:\/\/api.w.org\/{rel}","templated":true}]}}