{"id":10912,"date":"2021-11-05T11:00:44","date_gmt":"2021-11-05T09:00:44","guid":{"rendered":"https:\/\/edublog.educastur.es\/ixuxu\/?p=10912"},"modified":"2021-11-06T14:30:48","modified_gmt":"2021-11-06T12:30:48","slug":"campana-pa-recaudar-fondos-pa-la-benefica","status":"publish","type":"post","link":"https:\/\/edublog.educastur.es\/ixuxu\/2021\/11\/campana-pa-recaudar-fondos-pa-la-benefica\/","title":{"rendered":"Campa\u00f1a pa recaudar fondos pa \u00abLa Ben\u00e9fica\u00bb"},"content":{"rendered":"<div class=\"kvgmc6g5 cxmmr5t8 oygrvhab hcukyx3x c1et5uql ii04i59q\">\n<div dir=\"auto\"><\/div>\n<div dir=\"auto\" style=\"text-align: center\">\n<!-- iframe plugin v.6.0 wordpress.org\/plugins\/iframe\/ -->\n<iframe loading=\"lazy\" src=\"https:\/\/www.facebook.com\/plugins\/video.php?height=314&#038;href=https%3A%2F%2Fwww.facebook.com%2Flabeneficadepilona%2Fvideos%2F215403580701302%2F&#038;show_text=false&#038;width=560&#038;t=0\" width=\"560\" height=\"314\" style=\"border:none;overflow:hidden\" scrolling=\"no\" frameborder=\"0\" allowfullscreen=\"true\" allow=\"autoplay; clipboard-write; encrypted-media; picture-in-picture; web-share\" 0=\"\/iframe\" class=\"iframe-class\"><\/iframe>\n<\/div>\n<ul>\n<li><span style=\"color: #008080\"><strong>La Ben\u00e9fica de Pilo\u00f1a<\/strong><\/span> \/ <a class=\"oajrlxb2 g5ia77u1 qu0x051f esr5mh6w e9989ue4 r7d6kgcz rq0escxv nhd2j8a9 nc684nl6 p7hjln8o kvgmc6g5 cxmmr5t8 oygrvhab hcukyx3x jb3vyjys rz4wbd8a qt6c0cv9 a8nywdso i1ao9s8h esuyzwwr f1sip0of lzcic4wl py34i1dx gpro0wi8\" role=\"link\" href=\"https:\/\/l.facebook.com\/l.php?u=http%3A%2F%2Fwww.goteo.cc%2Flabenefica%3Ffbclid%3DIwAR1OwfKQwedQh3wKTIw2Yyi8Kh5ggKBlkxX3R0j2gMjQftrXRQeTRo6bzGU&amp;h=AT34Bne1xJIKsbuCFLY_yQhQIfsV0OWOYDxgtJ01e_Ols8CpItl7_Wr_rPhTTsaSkVrNdXDoAfkF1Zc6boWYtTZT328jC8np1ltokV9EzIGh1bRgJfJLHa5qAJlcn-4e7w&amp;__tn__=-UK-y-R&amp;c[0]=AT2tnjf_xUH2hOkkWniTSZtZynO84RDDbDGcrMrpLXHcf8S-vjDJCI7wUKDkdGs3wZHspnGewMu0gZF7YbuOKuMzle3BcQhsoiD_EZh6_CZi6DexFFDCrnbLSDJKGG6uex3Ex3LHmPlh3ZvF56JvNXD5d0J4Gflu3fdMDKv0dVql7z5idV6PH4nbL_GdoR5VcxXZAh02\" target=\"_blank\" rel=\"nofollow noopener\">www.goteo.cc\/labenefica<\/a>\/ <a href=\"https:\/\/www.facebook.com\/labeneficadepilona\">Facebook<\/a><\/li>\n<\/ul>\n<div class=\"j83agx80 cbu4d94t ew0dbk1b irj2b8pg\">\n<div class=\"qzhwtbm6 knvmm38d\">\n<div class=\"j83agx80 cbu4d94t ew0dbk1b irj2b8pg\">\n<div class=\"qzhwtbm6 knvmm38d\">\n<div class=\"kvgmc6g5 cxmmr5t8 oygrvhab hcukyx3x c1et5uql\">\n<div dir=\"auto\">Centru cultural y de creaci\u00f3n art\u00edstica en l\u2019Infiestu, conceyu de Pilo\u00f1a. Tamos en procesu de recuperaci\u00f3n del edificiu qu\u2019anta\u00f1o foi teatru.<\/div>\n<div dir=\"auto\">\n<div class=\"kvgmc6g5 cxmmr5t8 oygrvhab hcukyx3x c1et5uql ii04i59q\">\n<div dir=\"auto\">Y\u00e1 ta en marcha la campa\u00f1a de micromecen\u00e1zgu de La Ben\u00e9fica. Collabor\u00e1i!<\/div>\n<\/div>\n<div class=\"o9v6fnle cxmmr5t8 oygrvhab hcukyx3x c1et5uql ii04i59q\">\n<div dir=\"auto\"><a class=\"oajrlxb2 g5ia77u1 qu0x051f esr5mh6w e9989ue4 r7d6kgcz rq0escxv nhd2j8a9 nc684nl6 p7hjln8o kvgmc6g5 cxmmr5t8 oygrvhab hcukyx3x jb3vyjys rz4wbd8a qt6c0cv9 a8nywdso i1ao9s8h esuyzwwr f1sip0of lzcic4wl py34i1dx gpro0wi8\" role=\"link\" href=\"https:\/\/ca.goteo.org\/project\/la-benefica?fbclid=IwAR2WfkQkXcMqSMOsPpvq3yo8ZZhzgHXwoO2SNS0Q5qqb11TID4hXywF0PwM\" target=\"_blank\" rel=\"nofollow noopener\">https:\/\/ca.goteo.org\/project\/la-benefica<\/a><\/div>\n<\/div>\n<\/div>\n<\/div>\n<\/div>\n<\/div>\n<\/div>\n<\/div>\n<div dir=\"auto\"><!--more--><\/div>\n<div dir=\"auto\"><\/div>\n<div dir=\"auto\">\n<div class=\"o9v6fnle cxmmr5t8 oygrvhab hcukyx3x c1et5uql ii04i59q\">\n<div dir=\"auto\">La Ben\u00e9fica ye un espaciu por rehabilitar y reconstruyir n&#8217;Asturies, onde va pasar de too al rodiu l\u2019Arte y la Cultura, y sobremanera de la (la so) xente. Soi mecenes d&#8217;esti proyectu nel que puede participar tol mundu, collabora y baltia una teya pal nuevu tey\u00e1u, o ap\u00fantate a una preba y tour nun llagar, o f\u00e1brica de cerveza, o los dos, nun tienes por qu\u00e9 escoyer. T\u00edra-y los tejos a La Ben\u00e9fica y escueye la to recompensa <a class=\"oajrlxb2 g5ia77u1 qu0x051f esr5mh6w e9989ue4 r7d6kgcz rq0escxv nhd2j8a9 nc684nl6 p7hjln8o kvgmc6g5 cxmmr5t8 oygrvhab hcukyx3x jb3vyjys rz4wbd8a qt6c0cv9 a8nywdso i1ao9s8h esuyzwwr f1sip0of lzcic4wl py34i1dx gpro0wi8\" role=\"link\" href=\"https:\/\/www.goteo.org\/project\/la-benefica?fbclid=IwAR1NdiPYx9P-5iTMYLvXjeuFNSD8U9xSxcOiUdfRJW0OXUImrJLAEJyjrb8\" target=\"_blank\" rel=\"nofollow noopener\">https:\/\/www.goteo.org\/project\/la-benefica<\/a><\/div>\n<\/div>\n<\/div>\n<div dir=\"auto\"><\/div>\n<div dir=\"auto\" style=\"text-align: center\">\n<!-- iframe plugin v.6.0 wordpress.org\/plugins\/iframe\/ -->\n<iframe loading=\"lazy\" src=\"https:\/\/www.facebook.com\/plugins\/video.php?height=316&#038;href=https%3A%2F%2Fwww.facebook.com%2F105868248454771%2Fvideos%2F265735245485697%2F&#038;show_text=false&#038;width=560&#038;t=0\" width=\"560\" height=\"316\" style=\"border:none;overflow:hidden\" scrolling=\"no\" frameborder=\"0\" allowfullscreen=\"true\" allow=\"autoplay; clipboard-write; encrypted-media; picture-in-picture; web-share\" 0=\"\/iframe\" class=\"iframe-class\"><\/iframe>\n<\/div>\n<div dir=\"auto\">Ta Kubrick, Scorsese, Tarantino\u2026 Ta Hollywood. T\u00e1n les grandes estrelles de l&#8217;alfombra roxa.<\/div>\n<div dir=\"auto\">Pues n\u00f3s tenemos a @nuberubagu y a \u201cLa Bene\u201d, y la nuesa alfombra bermeya ta enllena casta\u00f1es, y g\u00fcel a paci\u00f3n y tierra moyao.<\/div>\n<div dir=\"auto\">\n<p>Y tenemos par\u00e9es de piedra, y un techu qu&#8217;iguar. N\u00f3s tenemos a La Ben\u00e9fica, y g\u00fcei, vienres, la campa\u00f1a sigue en marcha en Goteo y tenemos munches coses que preparar pal Amag\u00fcestu del domingu.<\/p>\n<p style=\"text-align: center\"><a href=\"https:\/\/tinypix.top\/images\/2021\/11\/06\/vlggb.jpg\"><img loading=\"lazy\" decoding=\"async\" class=\"alignnone\" src=\"https:\/\/tinypix.top\/images\/2021\/11\/06\/vlggb.jpg\" alt=\"\" width=\"545\" height=\"545\" \/><\/a><\/p>\n<\/div>\n<\/div>\n<div class=\"o9v6fnle cxmmr5t8 oygrvhab hcukyx3x c1et5uql ii04i59q\">\n<div dir=\"auto\">Dex\u00e1moste un v\u00eddiu dirix\u00edu polos Nuberu que dexa claro que La Bene ye y va ser grande, y tamos deseyando que toos vivamos el so tresformamientu, \u00a1mira a Manuel c\u00f3mo lu pon de contentu!. \u00bfC\u00f3mo ayudar? Y\u00e1 lo sabes. En Goteo y escoyendo la recompensa que m\u00e1s te preste.<\/div>\n<\/div>\n<div class=\"o9v6fnle cxmmr5t8 oygrvhab hcukyx3x c1et5uql ii04i59q\">\n<div dir=\"auto\"><a class=\"oajrlxb2 g5ia77u1 qu0x051f esr5mh6w e9989ue4 r7d6kgcz rq0escxv nhd2j8a9 nc684nl6 p7hjln8o kvgmc6g5 cxmmr5t8 oygrvhab hcukyx3x jb3vyjys rz4wbd8a qt6c0cv9 a8nywdso i1ao9s8h esuyzwwr f1sip0of lzcic4wl py34i1dx gpro0wi8\" role=\"link\" href=\"https:\/\/l.facebook.com\/l.php?u=http%3A%2F%2Fwww.goteo.cc%2Flabenefica%3Ffbclid%3DIwAR1OwfKQwedQh3wKTIw2Yyi8Kh5ggKBlkxX3R0j2gMjQftrXRQeTRo6bzGU&amp;h=AT34Bne1xJIKsbuCFLY_yQhQIfsV0OWOYDxgtJ01e_Ols8CpItl7_Wr_rPhTTsaSkVrNdXDoAfkF1Zc6boWYtTZT328jC8np1ltokV9EzIGh1bRgJfJLHa5qAJlcn-4e7w&amp;__tn__=-UK-y-R&amp;c[0]=AT2tnjf_xUH2hOkkWniTSZtZynO84RDDbDGcrMrpLXHcf8S-vjDJCI7wUKDkdGs3wZHspnGewMu0gZF7YbuOKuMzle3BcQhsoiD_EZh6_CZi6DexFFDCrnbLSDJKGG6uex3Ex3LHmPlh3ZvF56JvNXD5d0J4Gflu3fdMDKv0dVql7z5idV6PH4nbL_GdoR5VcxXZAh02\" target=\"_blank\" rel=\"nofollow noopener\">www.goteo.cc\/labenefica<\/a><\/div>\n<\/div>\n","protected":false},"excerpt":{"rendered":"<p>La Ben\u00e9fica de Pilo\u00f1a \/ www.goteo.cc\/labenefica\/ Facebook Centru cultural y de creaci\u00f3n art\u00edstica en l\u2019Infiestu, conceyu de Pilo\u00f1a. Tamos en procesu de recuperaci\u00f3n del edificiu qu\u2019anta\u00f1o foi teatru. Y\u00e1 ta en marcha la campa\u00f1a de micromecen\u00e1zgu de La Ben\u00e9fica. Collabor\u00e1i! https:\/\/ca.goteo.org\/project\/la-benefica<\/p>\n","protected":false},"author":117,"featured_media":0,"comment_status":"open","ping_status":"open","sticky":false,"template":"","format":"standard","meta":{"footnotes":""},"categories":[89,247],"tags":[],"class_list":["post-10912","post","type-post","status-publish","format-standard","hentry","category-arte","category-la-benefica"],"_links":{"self":[{"href":"https:\/\/edublog.educastur.es\/ixuxu\/wp-json\/wp\/v2\/posts\/10912","targetHints":{"allow":["GET"]}}],"collection":[{"href":"https:\/\/edublog.educastur.es\/ixuxu\/wp-json\/wp\/v2\/posts"}],"about":[{"href":"https:\/\/edublog.educastur.es\/ixuxu\/wp-json\/wp\/v2\/types\/post"}],"author":[{"embeddable":true,"href":"https:\/\/edublog.educastur.es\/ixuxu\/wp-json\/wp\/v2\/users\/117"}],"replies":[{"embeddable":true,"href":"https:\/\/edublog.educastur.es\/ixuxu\/wp-json\/wp\/v2\/comments?post=10912"}],"version-history":[{"count":6,"href":"https:\/\/edublog.educastur.es\/ixuxu\/wp-json\/wp\/v2\/posts\/10912\/revisions"}],"predecessor-version":[{"id":10955,"href":"https:\/\/edublog.educastur.es\/ixuxu\/wp-json\/wp\/v2\/posts\/10912\/revisions\/10955"}],"wp:attachment":[{"href":"https:\/\/edublog.educastur.es\/ixuxu\/wp-json\/wp\/v2\/media?parent=10912"}],"wp:term":[{"taxonomy":"category","embeddable":true,"href":"https:\/\/edublog.educastur.es\/ixuxu\/wp-json\/wp\/v2\/categories?post=10912"},{"taxonomy":"post_tag","embeddable":true,"href":"https:\/\/edublog.educastur.es\/ixuxu\/wp-json\/wp\/v2\/tags?post=10912"}],"curies":[{"name":"wp","href":"https:\/\/api.w.org\/{rel}","templated":true}]}}