{"id":10917,"date":"2021-11-06T13:26:47","date_gmt":"2021-11-06T11:26:47","guid":{"rendered":"https:\/\/edublog.educastur.es\/ixuxu\/?p=10917"},"modified":"2021-11-06T13:29:29","modified_gmt":"2021-11-06T11:29:29","slug":"videu-del-dia-the-ultimate-run","status":"publish","type":"post","link":"https:\/\/edublog.educastur.es\/ixuxu\/2021\/11\/videu-del-dia-the-ultimate-run\/","title":{"rendered":"V\u00eddeu del d\u00eda: \u00abThe Ultimate Run\u00bb"},"content":{"rendered":"<div class=\"\" dir=\"auto\">\n<div class=\"\" dir=\"auto\">\n<div class=\"ecm0bbzt hv4rvrfc ihqw7lf3 dati1w0a\" data-ad-comet-preview=\"message\" data-ad-preview=\"message\">\n<div class=\"j83agx80 cbu4d94t ew0dbk1b irj2b8pg\">\n<div class=\"qzhwtbm6 knvmm38d\">\n<div class=\"kvgmc6g5 cxmmr5t8 oygrvhab hcukyx3x c1et5uql ii04i59q\">\n<div dir=\"auto\" style=\"text-align: center\">\n<!-- iframe plugin v.6.0 wordpress.org\/plugins\/iframe\/ -->\n<iframe loading=\"lazy\" src=\"https:\/\/www.facebook.com\/plugins\/video.php?height=314&#038;href=https%3A%2F%2Fwww.facebook.com%2FLaVanguardia%2Fvideos%2F427697602199937%2F&#038;show_text=false&#038;width=560&#038;t=0\" width=\"560\" height=\"314\" style=\"border:none;overflow:hidden\" scrolling=\"no\" frameborder=\"0\" allowfullscreen=\"true\" allow=\"autoplay; clipboard-write; encrypted-media; picture-in-picture; web-share\" 0=\"\/iframe\" class=\"iframe-class\"><\/iframe>\n<\/div>\n<div dir=\"auto\"><\/div>\n<div dir=\"auto\">L&#8217;esquiador italianu d&#8217;estilu llibre <a href=\"https:\/\/www.google.com\/search?client=firefox-b-d&amp;q=Markus+Eder\"><strong>Markus Eder<\/strong><\/a> nun ye ayenu a los descensos espectaculares por tol mundu. Agora present\u00f3 <a href=\"https:\/\/www.youtube.com\/watch?v=fbqHK8i-HdA\"><span style=\"color: #008080\"><strong>&#8216;The Ultimate Run&#8217;, un curtiumetraxe de diez minutos<\/strong><\/span><\/a> en que puede vese al deportista ol\u00edmpicu entrando a un glaciar y esmuci\u00e9ndose peligrosamente polos cantiles de xelu. Equ\u00ed ten\u00e9is un fragmentu d&#8217;esti descensu que desaf\u00eda les llendes\/l\u00edmites.<span class=\"pq6dq46d tbxw36s4 knj5qynh kvgmc6g5 ditlmg2l oygrvhab nvdbi5me sf5mxxl7 gl3lb2sf hhz5lgdu\"><img loading=\"lazy\" decoding=\"async\" src=\"https:\/\/static.xx.fbcdn.net\/images\/emoji.php\/v9\/t31\/1.5\/16\/1f4f2.png\" alt=\"?\" width=\"16\" height=\"16\" \/><\/span> <a class=\"oajrlxb2 g5ia77u1 qu0x051f esr5mh6w e9989ue4 r7d6kgcz rq0escxv nhd2j8a9 nc684nl6 p7hjln8o kvgmc6g5 cxmmr5t8 oygrvhab hcukyx3x jb3vyjys rz4wbd8a qt6c0cv9 a8nywdso i1ao9s8h esuyzwwr f1sip0of lzcic4wl py34i1dx gpro0wi8\" role=\"link\" href=\"https:\/\/bit.ly\/3BNAbsM?fbclid=IwAR3pj3rPiHJaxpAx6Fkb8g6pf-hg48fln7Txdn6Nv3L72TKBHTPHCH6KKxg\" target=\"_blank\" rel=\"nofollow noopener\">https:\/\/bit.ly\/3BNAbsM<\/a><\/div>\n<\/div>\n<div dir=\"auto\"><!--more--><\/div>\n<\/div>\n<\/div>\n<\/div>\n<\/div>\n<\/div>\n<p style=\"text-align: center\">\n<!-- iframe plugin v.6.0 wordpress.org\/plugins\/iframe\/ -->\n<iframe loading=\"lazy\" width=\"100%\" height=\"375\" src=\"https:\/\/www.youtube.com\/embed\/fbqHK8i-HdA\" 0=\"\/iframe\" scrolling=\"yes\" class=\"iframe-class\" frameborder=\"0\"><\/iframe>\n<\/p>\n<p>&nbsp;<\/p>\n","protected":false},"excerpt":{"rendered":"<p>L&#8217;esquiador italianu d&#8217;estilu llibre Markus Eder nun ye ayenu a los descensos espectaculares por tol mundu. Agora present\u00f3 &#8216;The Ultimate Run&#8217;, un curtiumetraxe de diez minutos en que puede vese al deportista ol\u00edmpicu entrando a un glaciar y esmuci\u00e9ndose peligrosamente polos cantiles de xelu. Equ\u00ed ten\u00e9is un fragmentu d&#8217;esti descensu que desaf\u00eda les llendes\/l\u00edmites. https:\/\/bit.ly\/3BNAbsM<\/p>\n","protected":false},"author":117,"featured_media":0,"comment_status":"open","ping_status":"open","sticky":false,"template":"","format":"standard","meta":{"footnotes":""},"categories":[4,75],"tags":[],"class_list":["post-10917","post","type-post","status-publish","format-standard","hentry","category-natura","category-videu"],"_links":{"self":[{"href":"https:\/\/edublog.educastur.es\/ixuxu\/wp-json\/wp\/v2\/posts\/10917","targetHints":{"allow":["GET"]}}],"collection":[{"href":"https:\/\/edublog.educastur.es\/ixuxu\/wp-json\/wp\/v2\/posts"}],"about":[{"href":"https:\/\/edublog.educastur.es\/ixuxu\/wp-json\/wp\/v2\/types\/post"}],"author":[{"embeddable":true,"href":"https:\/\/edublog.educastur.es\/ixuxu\/wp-json\/wp\/v2\/users\/117"}],"replies":[{"embeddable":true,"href":"https:\/\/edublog.educastur.es\/ixuxu\/wp-json\/wp\/v2\/comments?post=10917"}],"version-history":[{"count":3,"href":"https:\/\/edublog.educastur.es\/ixuxu\/wp-json\/wp\/v2\/posts\/10917\/revisions"}],"predecessor-version":[{"id":10919,"href":"https:\/\/edublog.educastur.es\/ixuxu\/wp-json\/wp\/v2\/posts\/10917\/revisions\/10919"}],"wp:attachment":[{"href":"https:\/\/edublog.educastur.es\/ixuxu\/wp-json\/wp\/v2\/media?parent=10917"}],"wp:term":[{"taxonomy":"category","embeddable":true,"href":"https:\/\/edublog.educastur.es\/ixuxu\/wp-json\/wp\/v2\/categories?post=10917"},{"taxonomy":"post_tag","embeddable":true,"href":"https:\/\/edublog.educastur.es\/ixuxu\/wp-json\/wp\/v2\/tags?post=10917"}],"curies":[{"name":"wp","href":"https:\/\/api.w.org\/{rel}","templated":true}]}}