{"id":10921,"date":"2021-11-06T13:34:23","date_gmt":"2021-11-06T11:34:23","guid":{"rendered":"https:\/\/edublog.educastur.es\/ixuxu\/?p=10921"},"modified":"2021-11-06T13:35:05","modified_gmt":"2021-11-06T11:35:05","slug":"llega-lesperau-maguestu","status":"publish","type":"post","link":"https:\/\/edublog.educastur.es\/ixuxu\/2021\/11\/llega-lesperau-maguestu\/","title":{"rendered":"Llega l&#8217;esper\u00e1u Mag\u00fcestu"},"content":{"rendered":"<p><a href=\"https:\/\/tinypix.top\/images\/2021\/11\/06\/vlMKo.jpg\"><img loading=\"lazy\" decoding=\"async\" class=\"aligncenter\" src=\"https:\/\/tinypix.top\/images\/2021\/11\/06\/vlMKo.jpg\" alt=\"\" width=\"383\" height=\"535\" \/><\/a><\/p>\n<p>Llega&#8217;l frio, les casta\u00f1eres poles cais, empezamos a encender cocines de carb\u00f3n \u2026 llega l&#8217;esper\u00e1u Mag\u00fcestu!! Esper\u00e1mosvos a toos el S\u00e1badu 13 a partir de les 18:00h na A.VV. \u00abSantuyano\u00bb de Somi\u00f3, en Xix\u00f3n.<\/p>\n","protected":false},"excerpt":{"rendered":"<p>Llega&#8217;l frio, les casta\u00f1eres poles cais, empezamos a encender cocines de carb\u00f3n \u2026 llega l&#8217;esper\u00e1u Mag\u00fcestu!! Esper\u00e1mosvos a toos el S\u00e1badu 13 a partir de les 18:00h na A.VV. \u00abSantuyano\u00bb de Somi\u00f3, en Xix\u00f3n.<\/p>\n","protected":false},"author":117,"featured_media":0,"comment_status":"open","ping_status":"open","sticky":false,"template":"","format":"standard","meta":{"footnotes":""},"categories":[138,175],"tags":[],"class_list":["post-10921","post","type-post","status-publish","format-standard","hentry","category-alimentos","category-festival-gastronomicu"],"_links":{"self":[{"href":"https:\/\/edublog.educastur.es\/ixuxu\/wp-json\/wp\/v2\/posts\/10921","targetHints":{"allow":["GET"]}}],"collection":[{"href":"https:\/\/edublog.educastur.es\/ixuxu\/wp-json\/wp\/v2\/posts"}],"about":[{"href":"https:\/\/edublog.educastur.es\/ixuxu\/wp-json\/wp\/v2\/types\/post"}],"author":[{"embeddable":true,"href":"https:\/\/edublog.educastur.es\/ixuxu\/wp-json\/wp\/v2\/users\/117"}],"replies":[{"embeddable":true,"href":"https:\/\/edublog.educastur.es\/ixuxu\/wp-json\/wp\/v2\/comments?post=10921"}],"version-history":[{"count":3,"href":"https:\/\/edublog.educastur.es\/ixuxu\/wp-json\/wp\/v2\/posts\/10921\/revisions"}],"predecessor-version":[{"id":10924,"href":"https:\/\/edublog.educastur.es\/ixuxu\/wp-json\/wp\/v2\/posts\/10921\/revisions\/10924"}],"wp:attachment":[{"href":"https:\/\/edublog.educastur.es\/ixuxu\/wp-json\/wp\/v2\/media?parent=10921"}],"wp:term":[{"taxonomy":"category","embeddable":true,"href":"https:\/\/edublog.educastur.es\/ixuxu\/wp-json\/wp\/v2\/categories?post=10921"},{"taxonomy":"post_tag","embeddable":true,"href":"https:\/\/edublog.educastur.es\/ixuxu\/wp-json\/wp\/v2\/tags?post=10921"}],"curies":[{"name":"wp","href":"https:\/\/api.w.org\/{rel}","templated":true}]}}