{"id":11020,"date":"2021-11-05T09:00:02","date_gmt":"2021-11-05T07:00:02","guid":{"rendered":"https:\/\/edublog.educastur.es\/ixuxu\/?p=11020"},"modified":"2021-11-07T09:53:51","modified_gmt":"2021-11-07T07:53:51","slug":"amaguestu-nel-parque-de-la-prehistoria-de-teberga-2021","status":"publish","type":"post","link":"https:\/\/edublog.educastur.es\/ixuxu\/2021\/11\/amaguestu-nel-parque-de-la-prehistoria-de-teberga-2021\/","title":{"rendered":"Amag\u00fcestu nel Parque de la Prehistoria de Teberga 2021"},"content":{"rendered":"<p style=\"text-align: center\"><a href=\"https:\/\/tinypix.top\/images\/2021\/11\/07\/vzK9A.jpg\"><img loading=\"lazy\" decoding=\"async\" class=\"alignnone\" src=\"https:\/\/tinypix.top\/images\/2021\/11\/07\/vzK9A.jpg\" alt=\"\" width=\"474\" height=\"671\" \/><\/a><\/p>\n<p>Visita a la Cueva de Cueves,\u00a0 Gueta de les casta\u00f1es nel monte. Tres la recueya realizar\u00e1&#8217;l amag\u00fcestu partiendo ente los participantes casta\u00f1es y sidra duce natural. Feches y horariu: 6 y 7 de payares, 13:00 h.\u00a0 Empobin\u00e1u a: p\u00fablicu familiar con menores a partir de 4 a\u00f1os. Los menores tienen d&#8217;allegar acompa\u00f1aos siquier d&#8217;un adultu.<\/p>\n<ul>\n<li><a href=\"https:\/\/www.facebook.com\/hoyenasturias\/\">Fonte: Hoy en Asturias<\/a><\/li>\n<\/ul>\n","protected":false},"excerpt":{"rendered":"<p>Visita a la Cueva de Cueves,\u00a0 Gueta de les casta\u00f1es nel monte. Tres la recueya realizar\u00e1&#8217;l amag\u00fcestu partiendo ente los participantes casta\u00f1es y sidra duce natural. Feches y horariu: 6 y 7 de payares, 13:00 h.\u00a0 Empobin\u00e1u a: p\u00fablicu familiar con menores a partir de 4 a\u00f1os. Los menores tienen d&#8217;allegar acompa\u00f1aos siquier d&#8217;un adultu. [&hellip;]<\/p>\n","protected":false},"author":117,"featured_media":0,"comment_status":"open","ping_status":"open","sticky":false,"template":"","format":"standard","meta":{"footnotes":""},"categories":[138],"tags":[],"class_list":["post-11020","post","type-post","status-publish","format-standard","hentry","category-alimentos"],"_links":{"self":[{"href":"https:\/\/edublog.educastur.es\/ixuxu\/wp-json\/wp\/v2\/posts\/11020","targetHints":{"allow":["GET"]}}],"collection":[{"href":"https:\/\/edublog.educastur.es\/ixuxu\/wp-json\/wp\/v2\/posts"}],"about":[{"href":"https:\/\/edublog.educastur.es\/ixuxu\/wp-json\/wp\/v2\/types\/post"}],"author":[{"embeddable":true,"href":"https:\/\/edublog.educastur.es\/ixuxu\/wp-json\/wp\/v2\/users\/117"}],"replies":[{"embeddable":true,"href":"https:\/\/edublog.educastur.es\/ixuxu\/wp-json\/wp\/v2\/comments?post=11020"}],"version-history":[{"count":1,"href":"https:\/\/edublog.educastur.es\/ixuxu\/wp-json\/wp\/v2\/posts\/11020\/revisions"}],"predecessor-version":[{"id":11021,"href":"https:\/\/edublog.educastur.es\/ixuxu\/wp-json\/wp\/v2\/posts\/11020\/revisions\/11021"}],"wp:attachment":[{"href":"https:\/\/edublog.educastur.es\/ixuxu\/wp-json\/wp\/v2\/media?parent=11020"}],"wp:term":[{"taxonomy":"category","embeddable":true,"href":"https:\/\/edublog.educastur.es\/ixuxu\/wp-json\/wp\/v2\/categories?post=11020"},{"taxonomy":"post_tag","embeddable":true,"href":"https:\/\/edublog.educastur.es\/ixuxu\/wp-json\/wp\/v2\/tags?post=11020"}],"curies":[{"name":"wp","href":"https:\/\/api.w.org\/{rel}","templated":true}]}}