{"id":11025,"date":"2021-11-07T09:59:37","date_gmt":"2021-11-07T07:59:37","guid":{"rendered":"https:\/\/edublog.educastur.es\/ixuxu\/?p=11025"},"modified":"2021-11-07T10:00:14","modified_gmt":"2021-11-07T08:00:14","slug":"susana-sela-gastar-el-nuesu-tiempu","status":"publish","type":"post","link":"https:\/\/edublog.educastur.es\/ixuxu\/2021\/11\/susana-sela-gastar-el-nuesu-tiempu\/","title":{"rendered":"Susana Sela \u00abGastar el nuesu tiempu\u00bb"},"content":{"rendered":"<p style=\"text-align: center\">\n<!-- iframe plugin v.6.0 wordpress.org\/plugins\/iframe\/ -->\n<iframe loading=\"lazy\" width=\"100%\" height=\"456\" src=\"https:\/\/www.youtube.com\/embed\/eP8SfpC9y8w\" 0=\"\/iframe\" scrolling=\"yes\" class=\"iframe-class\" frameborder=\"0\"><\/iframe>\n<\/p>\n<div id=\"meta-contents\" class=\"style-scope ytd-watch-flexy\">\n<div id=\"container\" class=\"style-scope ytd-video-secondary-info-renderer\">\n<div id=\"top-row\" class=\"style-scope ytd-video-secondary-info-renderer\">\n<div id=\"upload-info\" class=\"style-scope ytd-video-owner-renderer\">\n<div id=\"container\" class=\"style-scope ytd-channel-name\">\n<ul>\n<li id=\"text-container\" class=\"style-scope ytd-channel-name\"><a class=\"yt-simple-endpoint style-scope yt-formatted-string\" href=\"https:\/\/www.youtube.com\/channel\/UCR58BKl7nQeZrQIIDkKpFGg\">Susana Sela Nenyuri Canal Oficial<\/a><\/li>\n<\/ul>\n<\/div>\n<\/div>\n<\/div>\n<\/div>\n<\/div>\n<div id=\"content\" class=\"style-scope ytd-expander\">\n<ul>\n<li id=\"description\" class=\"style-scope ytd-video-secondary-info-renderer\">Grab\u00e1u en Verdiciu (Goz\u00f3n, Asturies).<\/li>\n<li><a href=\"https:\/\/www.youtube.com\/watch?v=eP8SfpC9y8w\">Youtube<\/a><\/li>\n<\/ul>\n<div class=\"style-scope ytd-video-secondary-info-renderer\"><!--more--><br \/>\nMezcles: Estudios CMG (Xix\u00f3n) Susana Sela (poes\u00eda y voz), Luis N\u00fa\u00f1ez (guitarra, voz, teclaos), Armando Fern\u00e1ndez (teclaos), Marcos D\u00edaz (baxu), Antonio Barquero (percusi\u00f3n), Paco Acu\u00f1a (t\u00e9unicu son\u00edu), \u00c1lvaro Arredondo (masterizaci\u00f3n), Alex Rodr\u00edguez (realizaci\u00f3n vidiu).<\/div>\n<div><\/div>\n<div class=\"style-scope ytd-video-secondary-info-renderer\"><span style=\"color: #008080\"><strong>N&#8217;ASTURIANU<\/strong> <\/span>Nun sab\u00eda que diba atopate y que sedr\u00edes nueva voz pal mio cantu esmolec\u00edu. Y agora, van pasando los d\u00edes y nun soi a ufiertate nada. Unes llinies escarabayaes cada d\u00eda. Un cam\u00edn n&#8217;arba, pa espe\u00f1amos. O quedar y tomar una cerveza. O durmir n&#8217;una playa y emborrachamos. Pa gastar el nuesu tiempu ensin pensalo. Realmente, nada m\u00e1s ye necesariu. Yo nun quieu otru cam\u00edn enguedey\u00e1u. \u00bfEl coraz\u00f3n? Cuantay\u00e1 que lu escacharon Y nun pueu dir contigo a pa\u00f1ar, xuntos, los cachos.<\/div>\n<div><\/div>\n<div class=\"style-scope ytd-video-secondary-info-renderer\"><strong><span style=\"color: #008080\">EN CASTELLANO<\/span><\/strong> No sab\u00eda que iba a encontrarte y que ser\u00edas nueva voz para mi desesperado canto. Y ahora, van pasando los d\u00edas y no puedo ofrecerte nada. Unas l\u00edneas garabateadas cada d\u00eda. Un camino por la cornisa, para despe\u00f1arnos. O quedar y tomar una cerveza. O dormir en una playa y emborracharnos. Para gastar nuestro tiempo sin pensarlo. Realmente, nada m\u00e1s es necesario. Yo no quiero otro camino enmara\u00f1ado. \u00bfEl coraz\u00f3n? Hace mucho que lo rompieron Y no puedo ir contigo a recoger, juntos, los pedazos.<\/div>\n<\/div>\n<p>&nbsp;<\/p>\n","protected":false},"excerpt":{"rendered":"<p>Susana Sela Nenyuri Canal Oficial Grab\u00e1u en Verdiciu (Goz\u00f3n, Asturies). Youtube<\/p>\n","protected":false},"author":117,"featured_media":0,"comment_status":"open","ping_status":"open","sticky":false,"template":"","format":"standard","meta":{"footnotes":""},"categories":[39],"tags":[],"class_list":["post-11025","post","type-post","status-publish","format-standard","hentry","category-poesia"],"_links":{"self":[{"href":"https:\/\/edublog.educastur.es\/ixuxu\/wp-json\/wp\/v2\/posts\/11025","targetHints":{"allow":["GET"]}}],"collection":[{"href":"https:\/\/edublog.educastur.es\/ixuxu\/wp-json\/wp\/v2\/posts"}],"about":[{"href":"https:\/\/edublog.educastur.es\/ixuxu\/wp-json\/wp\/v2\/types\/post"}],"author":[{"embeddable":true,"href":"https:\/\/edublog.educastur.es\/ixuxu\/wp-json\/wp\/v2\/users\/117"}],"replies":[{"embeddable":true,"href":"https:\/\/edublog.educastur.es\/ixuxu\/wp-json\/wp\/v2\/comments?post=11025"}],"version-history":[{"count":3,"href":"https:\/\/edublog.educastur.es\/ixuxu\/wp-json\/wp\/v2\/posts\/11025\/revisions"}],"predecessor-version":[{"id":11028,"href":"https:\/\/edublog.educastur.es\/ixuxu\/wp-json\/wp\/v2\/posts\/11025\/revisions\/11028"}],"wp:attachment":[{"href":"https:\/\/edublog.educastur.es\/ixuxu\/wp-json\/wp\/v2\/media?parent=11025"}],"wp:term":[{"taxonomy":"category","embeddable":true,"href":"https:\/\/edublog.educastur.es\/ixuxu\/wp-json\/wp\/v2\/categories?post=11025"},{"taxonomy":"post_tag","embeddable":true,"href":"https:\/\/edublog.educastur.es\/ixuxu\/wp-json\/wp\/v2\/tags?post=11025"}],"curies":[{"name":"wp","href":"https:\/\/api.w.org\/{rel}","templated":true}]}}